{"id":105679,"date":"2022-04-05T12:06:41","date_gmt":"2022-04-05T15:06:41","guid":{"rendered":"https:\/\/eldiariodesanpedro.com.ar\/sitio\/?p=105679"},"modified":"2022-04-05T12:06:42","modified_gmt":"2022-04-05T15:06:42","slug":"se-secuestraron-varias-motocicletas-y-automoviles-en-operativo-de-transito","status":"publish","type":"post","link":"https:\/\/eldiariodesanpedro.com.ar\/sitio\/se-secuestraron-varias-motocicletas-y-automoviles-en-operativo-de-transito\/","title":{"rendered":"Se secuestraron varias motocicletas y autom\u00f3viles en operativo de transito"},"content":{"rendered":"<!-- VideographyWP Plugin Message: Automatic video embedding prevented by plugin options. -->\n\n<p>Este lunes continuaron los trabajos por parte de la Direcci\u00f3n de Tr\u00e1nsito Municipal en conjunto con la polic\u00eda de la comisar\u00eda local donde se logr\u00f3 el secuestro de motocicletas y autom\u00f3viles.&nbsp;<\/p>\n\n\n\n<p>En horas de la tarde de ayer el personal policial junto a personal de Inspecci\u00f3n y Tr\u00e1nsito municipal realizaron operativo en Avenida Sarmiento y Ruta Provincial 1001 de San Pedro, donde se procedi\u00f3 al secuestro de tres motocicletas y dos veh\u00edculos por carecer de documentaci\u00f3n reglamentaria para circular.&nbsp;Interviene el Juzgado de faltas local.-<\/p>\n","protected":false},"excerpt":{"rendered":"<p>Este lunes continuaron los trabajos por parte de la Direcci\u00f3n de Tr\u00e1nsito Municipal en conjunto con la polic\u00eda de la comisar\u00eda local donde se logr\u00f3 el secuestro de motocicletas y autom\u00f3viles.&nbsp; En horas de la tarde de ayer el personal policial junto a personal de Inspecci\u00f3n y Tr\u00e1nsito municipal realizaron operativo en Avenida Sarmiento y [&hellip;]<\/p>\n","protected":false},"author":4,"featured_media":26220,"comment_status":"closed","ping_status":"closed","sticky":false,"template":"","format":"standard","meta":{"om_disable_all_campaigns":false,"_jetpack_memberships_contains_paid_content":false,"footnotes":""},"categories":[2,103],"tags":[197,696,33,19],"class_list":["post-105679","post","type-post","status-publish","format-standard","has-post-thumbnail","hentry","category-locales","category-policiales-locales","tag-buenos-aires","tag-interes-general","tag-locales","tag-san-pedro"],"aioseo_notices":[],"gutentor_comment":0,"jetpack_featured_media_url":"https:\/\/eldiariodesanpedro.com.ar\/sitio\/wp-content\/uploads\/2017\/11\/La-Direcci\u00f3n-de-Tr\u00e1nsito-y-Nocturnidad-contin\u00faa-con-los-controles.jpg","jetpack_shortlink":"https:\/\/wp.me\/p6RhLt-ruv","jetpack_sharing_enabled":true,"_links":{"self":[{"href":"https:\/\/eldiariodesanpedro.com.ar\/sitio\/wp-json\/wp\/v2\/posts\/105679","targetHints":{"allow":["GET"]}}],"collection":[{"href":"https:\/\/eldiariodesanpedro.com.ar\/sitio\/wp-json\/wp\/v2\/posts"}],"about":[{"href":"https:\/\/eldiariodesanpedro.com.ar\/sitio\/wp-json\/wp\/v2\/types\/post"}],"author":[{"embeddable":true,"href":"https:\/\/eldiariodesanpedro.com.ar\/sitio\/wp-json\/wp\/v2\/users\/4"}],"replies":[{"embeddable":true,"href":"https:\/\/eldiariodesanpedro.com.ar\/sitio\/wp-json\/wp\/v2\/comments?post=105679"}],"version-history":[{"count":1,"href":"https:\/\/eldiariodesanpedro.com.ar\/sitio\/wp-json\/wp\/v2\/posts\/105679\/revisions"}],"predecessor-version":[{"id":105680,"href":"https:\/\/eldiariodesanpedro.com.ar\/sitio\/wp-json\/wp\/v2\/posts\/105679\/revisions\/105680"}],"wp:featuredmedia":[{"embeddable":true,"href":"https:\/\/eldiariodesanpedro.com.ar\/sitio\/wp-json\/wp\/v2\/media\/26220"}],"wp:attachment":[{"href":"https:\/\/eldiariodesanpedro.com.ar\/sitio\/wp-json\/wp\/v2\/media?parent=105679"}],"wp:term":[{"taxonomy":"category","embeddable":true,"href":"https:\/\/eldiariodesanpedro.com.ar\/sitio\/wp-json\/wp\/v2\/categories?post=105679"},{"taxonomy":"post_tag","embeddable":true,"href":"https:\/\/eldiariodesanpedro.com.ar\/sitio\/wp-json\/wp\/v2\/tags?post=105679"}],"curies":[{"name":"wp","href":"https:\/\/api.w.org\/{rel}","templated":true}]}}