{"id":105677,"date":"2022-04-05T11:38:49","date_gmt":"2022-04-05T14:38:49","guid":{"rendered":"https:\/\/eldiariodesanpedro.com.ar\/sitio\/?p=105677"},"modified":"2022-04-05T11:38:49","modified_gmt":"2022-04-05T14:38:49","slug":"un-joven-golpeado-por-otro-que-es-la-actual-pareja-de-su-ex-sin-motivos","status":"publish","type":"post","link":"https:\/\/eldiariodesanpedro.com.ar\/sitio\/un-joven-golpeado-por-otro-que-es-la-actual-pareja-de-su-ex-sin-motivos\/","title":{"rendered":"Un joven golpeado por otro que es la actual pareja de su ex sin motivos"},"content":{"rendered":"<!-- VideographyWP Plugin Message: Automatic video embedding prevented by plugin options. -->\n\n<p>Este lunes siendo las 12 horas un ciudadano de 17 a\u00f1os de edad denunci\u00f3 que en el d\u00eda de la fecha se encontraba caminando con un amigo por calle Bartolom\u00e9 Mitre y al arribar a Av. 3 de Febrero son sorprendidos por un masculino a quien reconoce como pareja actual de su ex, quien les propin\u00f3 golpes de pu\u00f1o ocasionando heridas de car\u00e1cter leve. Interviene la fiscal\u00eda Nro. 11 local.-<\/p>\n","protected":false},"excerpt":{"rendered":"<p>Este lunes siendo las 12 horas un ciudadano de 17 a\u00f1os de edad denunci\u00f3 que en el d\u00eda de la fecha se encontraba caminando con un amigo por calle Bartolom\u00e9 Mitre y al arribar a Av. 3 de Febrero son sorprendidos por un masculino a quien reconoce como pareja actual de su ex, quien les [&hellip;]<\/p>\n","protected":false},"author":4,"featured_media":56528,"comment_status":"closed","ping_status":"closed","sticky":false,"template":"","format":"standard","meta":{"om_disable_all_campaigns":false,"_jetpack_memberships_contains_paid_content":false,"footnotes":""},"categories":[2,103],"tags":[197,33,95,19],"class_list":["post-105677","post","type-post","status-publish","format-standard","has-post-thumbnail","hentry","category-locales","category-policiales-locales","tag-buenos-aires","tag-locales","tag-policiales","tag-san-pedro"],"aioseo_notices":[],"gutentor_comment":0,"jetpack_featured_media_url":"https:\/\/eldiariodesanpedro.com.ar\/sitio\/wp-content\/uploads\/2019\/07\/patrulla66-1024x680.jpg","jetpack_shortlink":"https:\/\/wp.me\/p6RhLt-rut","jetpack_sharing_enabled":true,"_links":{"self":[{"href":"https:\/\/eldiariodesanpedro.com.ar\/sitio\/wp-json\/wp\/v2\/posts\/105677","targetHints":{"allow":["GET"]}}],"collection":[{"href":"https:\/\/eldiariodesanpedro.com.ar\/sitio\/wp-json\/wp\/v2\/posts"}],"about":[{"href":"https:\/\/eldiariodesanpedro.com.ar\/sitio\/wp-json\/wp\/v2\/types\/post"}],"author":[{"embeddable":true,"href":"https:\/\/eldiariodesanpedro.com.ar\/sitio\/wp-json\/wp\/v2\/users\/4"}],"replies":[{"embeddable":true,"href":"https:\/\/eldiariodesanpedro.com.ar\/sitio\/wp-json\/wp\/v2\/comments?post=105677"}],"version-history":[{"count":1,"href":"https:\/\/eldiariodesanpedro.com.ar\/sitio\/wp-json\/wp\/v2\/posts\/105677\/revisions"}],"predecessor-version":[{"id":105678,"href":"https:\/\/eldiariodesanpedro.com.ar\/sitio\/wp-json\/wp\/v2\/posts\/105677\/revisions\/105678"}],"wp:featuredmedia":[{"embeddable":true,"href":"https:\/\/eldiariodesanpedro.com.ar\/sitio\/wp-json\/wp\/v2\/media\/56528"}],"wp:attachment":[{"href":"https:\/\/eldiariodesanpedro.com.ar\/sitio\/wp-json\/wp\/v2\/media?parent=105677"}],"wp:term":[{"taxonomy":"category","embeddable":true,"href":"https:\/\/eldiariodesanpedro.com.ar\/sitio\/wp-json\/wp\/v2\/categories?post=105677"},{"taxonomy":"post_tag","embeddable":true,"href":"https:\/\/eldiariodesanpedro.com.ar\/sitio\/wp-json\/wp\/v2\/tags?post=105677"}],"curies":[{"name":"wp","href":"https:\/\/api.w.org\/{rel}","templated":true}]}}