{"id":105675,"date":"2022-04-05T11:28:14","date_gmt":"2022-04-05T14:28:14","guid":{"rendered":"https:\/\/eldiariodesanpedro.com.ar\/sitio\/?p=105675"},"modified":"2022-04-05T11:28:15","modified_gmt":"2022-04-05T14:28:15","slug":"accidente-de-transito-en-las-primeras-horas-del-lunes-con-una-persona-herida","status":"publish","type":"post","link":"https:\/\/eldiariodesanpedro.com.ar\/sitio\/accidente-de-transito-en-las-primeras-horas-del-lunes-con-una-persona-herida\/","title":{"rendered":"Accidente de transito en las primeras horas del lunes con una persona herida"},"content":{"rendered":"<!-- VideographyWP Plugin Message: Automatic video embedding prevented by plugin options. -->\n\n<p>Este lunes siendo las 07 hs, el personal policial tras ser alertado acude a An\u00edbal de Ant\u00f3n y Dr. Rojas de San Pedro, donde por razones que se tratan de establecer colision\u00f3 una motocicleta conducida por masculino de 33 a\u00f1os de edad y un autom\u00f3vil conducido por una femenina de 21 a\u00f1os de edad, como resultado del episodio el masculino es trasladado al Hospital Local, donde se constata traumatismo, sin riesgo de vida.<\/p>\n","protected":false},"excerpt":{"rendered":"<p>Este lunes siendo las 07 hs, el personal policial tras ser alertado acude a An\u00edbal de Ant\u00f3n y Dr. Rojas de San Pedro, donde por razones que se tratan de establecer colision\u00f3 una motocicleta conducida por masculino de 33 a\u00f1os de edad y un autom\u00f3vil conducido por una femenina de 21 a\u00f1os de edad, como [&hellip;]<\/p>\n","protected":false},"author":4,"featured_media":44361,"comment_status":"closed","ping_status":"closed","sticky":false,"template":"","format":"standard","meta":{"om_disable_all_campaigns":false,"_jetpack_memberships_contains_paid_content":false,"footnotes":""},"categories":[2,103],"tags":[197,33,95,19],"class_list":["post-105675","post","type-post","status-publish","format-standard","has-post-thumbnail","hentry","category-locales","category-policiales-locales","tag-buenos-aires","tag-locales","tag-policiales","tag-san-pedro"],"aioseo_notices":[],"gutentor_comment":0,"jetpack_featured_media_url":"https:\/\/eldiariodesanpedro.com.ar\/sitio\/wp-content\/uploads\/2018\/11\/ambulancia-same.jpg","jetpack_shortlink":"https:\/\/wp.me\/p6RhLt-rur","jetpack_sharing_enabled":true,"_links":{"self":[{"href":"https:\/\/eldiariodesanpedro.com.ar\/sitio\/wp-json\/wp\/v2\/posts\/105675","targetHints":{"allow":["GET"]}}],"collection":[{"href":"https:\/\/eldiariodesanpedro.com.ar\/sitio\/wp-json\/wp\/v2\/posts"}],"about":[{"href":"https:\/\/eldiariodesanpedro.com.ar\/sitio\/wp-json\/wp\/v2\/types\/post"}],"author":[{"embeddable":true,"href":"https:\/\/eldiariodesanpedro.com.ar\/sitio\/wp-json\/wp\/v2\/users\/4"}],"replies":[{"embeddable":true,"href":"https:\/\/eldiariodesanpedro.com.ar\/sitio\/wp-json\/wp\/v2\/comments?post=105675"}],"version-history":[{"count":1,"href":"https:\/\/eldiariodesanpedro.com.ar\/sitio\/wp-json\/wp\/v2\/posts\/105675\/revisions"}],"predecessor-version":[{"id":105676,"href":"https:\/\/eldiariodesanpedro.com.ar\/sitio\/wp-json\/wp\/v2\/posts\/105675\/revisions\/105676"}],"wp:featuredmedia":[{"embeddable":true,"href":"https:\/\/eldiariodesanpedro.com.ar\/sitio\/wp-json\/wp\/v2\/media\/44361"}],"wp:attachment":[{"href":"https:\/\/eldiariodesanpedro.com.ar\/sitio\/wp-json\/wp\/v2\/media?parent=105675"}],"wp:term":[{"taxonomy":"category","embeddable":true,"href":"https:\/\/eldiariodesanpedro.com.ar\/sitio\/wp-json\/wp\/v2\/categories?post=105675"},{"taxonomy":"post_tag","embeddable":true,"href":"https:\/\/eldiariodesanpedro.com.ar\/sitio\/wp-json\/wp\/v2\/tags?post=105675"}],"curies":[{"name":"wp","href":"https:\/\/api.w.org\/{rel}","templated":true}]}}