{"id":105670,"date":"2022-04-05T11:08:01","date_gmt":"2022-04-05T14:08:01","guid":{"rendered":"https:\/\/eldiariodesanpedro.com.ar\/sitio\/?p=105670"},"modified":"2022-04-05T11:25:27","modified_gmt":"2022-04-05T14:25:27","slug":"fue-atrapado-tras-robarse-dos-botellas-de-fernet-de-un-supermercado","status":"publish","type":"post","link":"https:\/\/eldiariodesanpedro.com.ar\/sitio\/fue-atrapado-tras-robarse-dos-botellas-de-fernet-de-un-supermercado\/","title":{"rendered":"Fue atrapado tras robarse dos botellas de Fernet de un supermercado"},"content":{"rendered":"<!-- VideographyWP Plugin Message: Automatic video embedding prevented by plugin options. -->\n\n<p>Este lunes la polic\u00eda tuvo que intervenir en la aprehensi\u00f3n de un ciudadano que minutos antes intent\u00f3 robar dos botellas de bebida alcoh\u00f3lica en un supermercado chino.<\/p>\n\n\n\n<p>El hecho ocurri\u00f3 ayer en horas de la ma\u00f1ana alrededor de las 10 hs un m\u00f3vil policial se hizo presente en calle 3 de Febrero y Larralde donde lograron aprehender a un ciudadano de 39 a\u00f1os de edad que instantes antes sustrae dos botellas de Fernet Branca de 1 litro de un supermercado de capitales chinos.&nbsp;<\/p>\n\n\n\n<p>A la llegada de los efectivos este masculino trat\u00f3 de fugar pero fue retenido por lo que fue traslado a la comisar\u00eda local.<\/p>\n\n\n\n<figure class=\"wp-block-image size-full\"><img decoding=\"async\" width=\"609\" height=\"630\" data-attachment-id=\"105673\" data-permalink=\"https:\/\/eldiariodesanpedro.com.ar\/sitio\/fue-atrapado-tras-robarse-dos-botellas-de-fernet-de-un-supermercado\/whatsapp-image-2022-04-05-at-10-26-24-am-1\/\" data-orig-file=\"https:\/\/eldiariodesanpedro.com.ar\/sitio\/wp-content\/uploads\/2022\/04\/WhatsApp-Image-2022-04-05-at-10.26.24-AM-1.jpeg\" data-orig-size=\"609,630\" data-comments-opened=\"0\" data-image-meta=\"{&quot;aperture&quot;:&quot;0&quot;,&quot;credit&quot;:&quot;&quot;,&quot;camera&quot;:&quot;&quot;,&quot;caption&quot;:&quot;&quot;,&quot;created_timestamp&quot;:&quot;0&quot;,&quot;copyright&quot;:&quot;&quot;,&quot;focal_length&quot;:&quot;0&quot;,&quot;iso&quot;:&quot;0&quot;,&quot;shutter_speed&quot;:&quot;0&quot;,&quot;title&quot;:&quot;&quot;,&quot;orientation&quot;:&quot;0&quot;}\" data-image-title=\"WhatsApp Image 2022-04-05 at 10.26.24 AM (1)\" data-image-description=\"\" data-image-caption=\"\" data-large-file=\"https:\/\/eldiariodesanpedro.com.ar\/sitio\/wp-content\/uploads\/2022\/04\/WhatsApp-Image-2022-04-05-at-10.26.24-AM-1.jpeg\" data-src=\"https:\/\/eldiariodesanpedro.com.ar\/sitio\/wp-content\/uploads\/2022\/04\/WhatsApp-Image-2022-04-05-at-10.26.24-AM-1.jpeg\" alt=\"\" class=\"wp-image-105673 lazyload\" data-srcset=\"https:\/\/eldiariodesanpedro.com.ar\/sitio\/wp-content\/uploads\/2022\/04\/WhatsApp-Image-2022-04-05-at-10.26.24-AM-1.jpeg 609w, https:\/\/eldiariodesanpedro.com.ar\/sitio\/wp-content\/uploads\/2022\/04\/WhatsApp-Image-2022-04-05-at-10.26.24-AM-1-290x300.jpeg 290w\" data-sizes=\"(max-width: 609px) 100vw, 609px\" src=\"data:image\/svg+xml;base64,PHN2ZyB3aWR0aD0iMSIgaGVpZ2h0PSIxIiB4bWxucz0iaHR0cDovL3d3dy53My5vcmcvMjAwMC9zdmciPjwvc3ZnPg==\" style=\"--smush-placeholder-width: 609px; --smush-placeholder-aspect-ratio: 609\/630;\" \/><\/figure>\n","protected":false},"excerpt":{"rendered":"<p>Este lunes la polic\u00eda tuvo que intervenir en la aprehensi\u00f3n de un ciudadano que minutos antes intent\u00f3 robar dos botellas de bebida alcoh\u00f3lica en un supermercado chino. El hecho ocurri\u00f3 ayer en horas de la ma\u00f1ana alrededor de las 10 hs un m\u00f3vil policial se hizo presente en calle 3 de Febrero y Larralde donde [&hellip;]<\/p>\n","protected":false},"author":4,"featured_media":105671,"comment_status":"closed","ping_status":"closed","sticky":false,"template":"","format":"standard","meta":{"om_disable_all_campaigns":false,"_jetpack_memberships_contains_paid_content":false,"footnotes":""},"categories":[50,2,103],"tags":[197,33,95,19],"class_list":["post-105670","post","type-post","status-publish","format-standard","has-post-thumbnail","hentry","category-destacadas","category-locales","category-policiales-locales","tag-buenos-aires","tag-locales","tag-policiales","tag-san-pedro"],"aioseo_notices":[],"gutentor_comment":0,"jetpack_featured_media_url":"https:\/\/eldiariodesanpedro.com.ar\/sitio\/wp-content\/uploads\/2022\/04\/medida.jpg","jetpack_shortlink":"https:\/\/wp.me\/p6RhLt-rum","jetpack_sharing_enabled":true,"_links":{"self":[{"href":"https:\/\/eldiariodesanpedro.com.ar\/sitio\/wp-json\/wp\/v2\/posts\/105670","targetHints":{"allow":["GET"]}}],"collection":[{"href":"https:\/\/eldiariodesanpedro.com.ar\/sitio\/wp-json\/wp\/v2\/posts"}],"about":[{"href":"https:\/\/eldiariodesanpedro.com.ar\/sitio\/wp-json\/wp\/v2\/types\/post"}],"author":[{"embeddable":true,"href":"https:\/\/eldiariodesanpedro.com.ar\/sitio\/wp-json\/wp\/v2\/users\/4"}],"replies":[{"embeddable":true,"href":"https:\/\/eldiariodesanpedro.com.ar\/sitio\/wp-json\/wp\/v2\/comments?post=105670"}],"version-history":[{"count":2,"href":"https:\/\/eldiariodesanpedro.com.ar\/sitio\/wp-json\/wp\/v2\/posts\/105670\/revisions"}],"predecessor-version":[{"id":105674,"href":"https:\/\/eldiariodesanpedro.com.ar\/sitio\/wp-json\/wp\/v2\/posts\/105670\/revisions\/105674"}],"wp:featuredmedia":[{"embeddable":true,"href":"https:\/\/eldiariodesanpedro.com.ar\/sitio\/wp-json\/wp\/v2\/media\/105671"}],"wp:attachment":[{"href":"https:\/\/eldiariodesanpedro.com.ar\/sitio\/wp-json\/wp\/v2\/media?parent=105670"}],"wp:term":[{"taxonomy":"category","embeddable":true,"href":"https:\/\/eldiariodesanpedro.com.ar\/sitio\/wp-json\/wp\/v2\/categories?post=105670"},{"taxonomy":"post_tag","embeddable":true,"href":"https:\/\/eldiariodesanpedro.com.ar\/sitio\/wp-json\/wp\/v2\/tags?post=105670"}],"curies":[{"name":"wp","href":"https:\/\/api.w.org\/{rel}","templated":true}]}}