{"id":105667,"date":"2022-04-04T20:39:38","date_gmt":"2022-04-04T23:39:38","guid":{"rendered":"https:\/\/eldiariodesanpedro.com.ar\/sitio\/?p=105667"},"modified":"2022-04-04T20:39:39","modified_gmt":"2022-04-04T23:39:39","slug":"guillermo-ferrari-sera-el-nuevo-jefe-distrital-en-lugar-de-catalano","status":"publish","type":"post","link":"https:\/\/eldiariodesanpedro.com.ar\/sitio\/guillermo-ferrari-sera-el-nuevo-jefe-distrital-en-lugar-de-catalano\/","title":{"rendered":"Guillermo Ferrari ser\u00e1 el nuevo Jefe Distrital en lugar de Catalano"},"content":{"rendered":"<!-- VideographyWP Plugin Message: Automatic video embedding prevented by plugin options. -->\n\n<p>Luego de dos semanas de espera ma\u00f1ana martes asumir\u00e1 el nuevo jefe de polic\u00eda de la ciudad. Se trata del Comisario Inspector Fabi\u00e1n Guillermo Ferrari, quien cuenta con una vasta trayectoria en la fuerza, principalmente en esta regi\u00f3n.Publicidadabout:blank<\/p>\n\n\n\n<p>Su designaci\u00f3n fue oficializada por el Ministerio de Seguridad este lunes luego de que sea evaluado por las autoridades y solicitado por el Intendente Municipal Ram\u00f3n Salazar.<\/p>\n\n\n\n<p>El martes, Ferrari se reunir\u00e1 con las autoridades de la Superintendencia de Seguridad Regi\u00f3n Interior Norte II y en horas de la tarde asumir\u00e1 el cargo en San Pedro.<\/p>\n\n\n\n<p>El flamante titular de la dependencia local tiene 42 a\u00f1os, es oriundo de la ciudad de Pergamino y viene de cumplir tareas en la Departamental Luj\u00e1n. Anteriormente hab\u00eda cumplido funciones en el Comando de Prevenci\u00f3n Rural de Ramallo, en la DDI de Pergamino en donde pas\u00f3 se desempe\u00f1\u00f3 durante varios a\u00f1os y hab\u00eda estado en San Pedro durante la gesti\u00f3n de la Comisario Viviana Desimone en la DDI local.<\/p>\n\n\n\n<p>La llegada del Comisario Inspector Ferrari se da en un momento donde el desempe\u00f1o de la polic\u00eda en San Pedro no estaba siendo cuestionado y la decisi\u00f3n pol\u00edtica de relevar al Comisario Juan Ram\u00f3n Catalano sorprendi\u00f3 a todos y hasta hubo resistencia en algunos sectores ya que si hab\u00eda alg\u00fan que otro reclamo era dirigido al \u00e1mbito judicial pero no a la polic\u00eda.<\/p>\n\n\n\n<p>El mismo d\u00eda en que se oficializ\u00f3 la llegada del nuevo jefe policial a la ciudad se conoci\u00f3 que el Comisario Mayor Juan Ram\u00f3n Catalano, quien hab\u00eda solicitado licencia hasta bien se definiera su destino, pasar\u00e1 a cumplir funciones en la Superintendencia de Seguridad Regi\u00f3n Interior Norte II. (LA OPINION)<\/p>\n","protected":false},"excerpt":{"rendered":"<p>Luego de dos semanas de espera ma\u00f1ana martes asumir\u00e1 el nuevo jefe de polic\u00eda de la ciudad. Se trata del Comisario Inspector Fabi\u00e1n Guillermo Ferrari, quien cuenta con una vasta trayectoria en la fuerza, principalmente en esta regi\u00f3n.Publicidadabout:blank Su designaci\u00f3n fue oficializada por el Ministerio de Seguridad este lunes luego de que sea evaluado por [&hellip;]<\/p>\n","protected":false},"author":4,"featured_media":105668,"comment_status":"closed","ping_status":"closed","sticky":false,"template":"","format":"standard","meta":{"om_disable_all_campaigns":false,"_jetpack_memberships_contains_paid_content":false,"footnotes":""},"categories":[50,101,2],"tags":[197,696,33,19],"class_list":["post-105667","post","type-post","status-publish","format-standard","has-post-thumbnail","hentry","category-destacadas","category-interes-general-locales","category-locales","tag-buenos-aires","tag-interes-general","tag-locales","tag-san-pedro"],"aioseo_notices":[],"gutentor_comment":0,"jetpack_featured_media_url":"https:\/\/eldiariodesanpedro.com.ar\/sitio\/wp-content\/uploads\/2022\/04\/jefatura-distrital.jpg","jetpack_shortlink":"https:\/\/wp.me\/p6RhLt-ruj","jetpack_sharing_enabled":true,"_links":{"self":[{"href":"https:\/\/eldiariodesanpedro.com.ar\/sitio\/wp-json\/wp\/v2\/posts\/105667","targetHints":{"allow":["GET"]}}],"collection":[{"href":"https:\/\/eldiariodesanpedro.com.ar\/sitio\/wp-json\/wp\/v2\/posts"}],"about":[{"href":"https:\/\/eldiariodesanpedro.com.ar\/sitio\/wp-json\/wp\/v2\/types\/post"}],"author":[{"embeddable":true,"href":"https:\/\/eldiariodesanpedro.com.ar\/sitio\/wp-json\/wp\/v2\/users\/4"}],"replies":[{"embeddable":true,"href":"https:\/\/eldiariodesanpedro.com.ar\/sitio\/wp-json\/wp\/v2\/comments?post=105667"}],"version-history":[{"count":1,"href":"https:\/\/eldiariodesanpedro.com.ar\/sitio\/wp-json\/wp\/v2\/posts\/105667\/revisions"}],"predecessor-version":[{"id":105669,"href":"https:\/\/eldiariodesanpedro.com.ar\/sitio\/wp-json\/wp\/v2\/posts\/105667\/revisions\/105669"}],"wp:featuredmedia":[{"embeddable":true,"href":"https:\/\/eldiariodesanpedro.com.ar\/sitio\/wp-json\/wp\/v2\/media\/105668"}],"wp:attachment":[{"href":"https:\/\/eldiariodesanpedro.com.ar\/sitio\/wp-json\/wp\/v2\/media?parent=105667"}],"wp:term":[{"taxonomy":"category","embeddable":true,"href":"https:\/\/eldiariodesanpedro.com.ar\/sitio\/wp-json\/wp\/v2\/categories?post=105667"},{"taxonomy":"post_tag","embeddable":true,"href":"https:\/\/eldiariodesanpedro.com.ar\/sitio\/wp-json\/wp\/v2\/tags?post=105667"}],"curies":[{"name":"wp","href":"https:\/\/api.w.org\/{rel}","templated":true}]}}