{"id":105665,"date":"2022-04-04T20:29:28","date_gmt":"2022-04-04T23:29:28","guid":{"rendered":"https:\/\/eldiariodesanpedro.com.ar\/sitio\/?p=105665"},"modified":"2022-04-04T20:29:29","modified_gmt":"2022-04-04T23:29:29","slug":"a-partir-del-18-de-abril-los-jubilados-cobran-un-bono-de-6-mil-pesos","status":"publish","type":"post","link":"https:\/\/eldiariodesanpedro.com.ar\/sitio\/a-partir-del-18-de-abril-los-jubilados-cobran-un-bono-de-6-mil-pesos\/","title":{"rendered":"A partir del 18 de abril los jubilados cobran un bono de 6 mil pesos"},"content":{"rendered":"<!-- VideographyWP Plugin Message: Automatic video embedding prevented by plugin options. -->\n\n<p>El presidente Alberto Fern\u00e1ndez anunci\u00f3 el el pago de un bono de $6000 para 4,6 millones de jubilados y pensionados que perciben la m\u00ednima. Los detalles.<\/p>\n\n\n\n<p>El\u00a0<strong>presidente\u00a0Alberto Fern\u00e1ndez<\/strong>\u00a0confirm\u00f3 este lunes el pago de un\u00a0<strong>bono\u00a0extraordinario en abril de 6 mil pesos<\/strong>\u00a0a\u00a0<strong>jubilados<\/strong>\u00a0y pensionados y pensionadas que perciben el haber m\u00ednimo.<\/p>\n\n\n\n<p><strong>El beneficio que comenzar\u00e1 a abonarse desde el 18 de abril, tambi\u00e9n alcanzar\u00e1 a titulares de pensiones no contributivas.<\/strong>\u00a0Desde el Gobierno Nacional, indicaron que el beneficio busca \u00abfortalecer sus ingresos ante la suba de precios de los alimentos registrada en las \u00faltimas semanas\u00bb.<\/p>\n\n\n\n<p>La medida alcanza a un total de 4,6 millones de personas destinatarias de jubilaciones y pensiones del Sistema Integrado Previsional Argentino (SIPA), Pensiones No Contributivas y Pensi\u00f3n Universal para el Adulto Mayor (PUAM) que tienen ingresos previsionales menores a 38.630 pesos.<\/p>\n\n\n\n<h3 class=\"wp-block-heading\">\u00bfC\u00f3mo se pagar\u00e1 el bono a jubilados y pensionados?<\/h3>\n\n\n\n<p>El bono, que se pagar\u00e1 los d\u00edas h\u00e1biles corridos seg\u00fan terminaci\u00f3n de DNI a partir del 18 de abril,&nbsp;<strong>ser\u00e1 de 6.000 pesos para jubilados y pensionados que perciban ingresos hasta un haber m\u00ednimo, equivalente a 32.630 pesos. Quienes tengan ingresos desde esa cifra hasta 38.630 pesos recibir\u00e1n la diferencia hasta completar dicho monto.<\/strong><\/p>\n\n\n\n<p>Desde el Gobierno nacional, consideraron que a trav\u00e9s de la Ley de Movilidad sancionada en diciembre de 2020, \u00ablas jubilaciones y pensiones vienen recuperando paulatinamente la capacidad de compra de los haberes previsionales, luego de haber disminuido un 20 por ciento en apenas dos a\u00f1os con la f\u00f3rmula del gobierno anterior\u00bb.<\/p>\n\n\n\n<p>En ese sentido, se\u00f1alaron que en 2021 \u00abacumularon un crecimiento del 52,7 por ciento, gan\u00e1ndole al \u00edndice de precios al consumidor, y en el primer aumento trimestral de este a\u00f1o registraron un alza del 12,28 por ciento\u00bb.<\/p>\n\n\n\n<h4 class=\"wp-block-heading\">\u00abEstamos haciendo todo a nuestro alcance para cuidar a las familias argentinas\u00bb<\/h4>\n\n\n\n<p>El presidente Alberto Fern\u00e1ndez difundi\u00f3 un video junto a la titular del Anses, Fernanda Raverta, luego de una reuni\u00f3n en la que se ultimaron detalles del anuncio.<\/p>\n\n\n\n<p><strong>\u00abEstamos haciendo todo a nuestro alcance para cuidar a las familias argentinas\u00bb<\/strong>&nbsp;sostuvo el mandatario nacional.<\/p>\n\n\n\n<p><a href=\"https:\/\/media.infocielo.com\/p\/c44c74cb066243d4227ba39dfbd2e230\/adjuntos\/299\/imagenes\/001\/388\/0001388379\/887x0\/smart\/bono-jubiladosjpg.jpg\"><\/a><\/p>\n","protected":false},"excerpt":{"rendered":"<p>El presidente Alberto Fern\u00e1ndez anunci\u00f3 el el pago de un bono de $6000 para 4,6 millones de jubilados y pensionados que perciben la m\u00ednima. Los detalles. El\u00a0presidente\u00a0Alberto Fern\u00e1ndez\u00a0confirm\u00f3 este lunes el pago de un\u00a0bono\u00a0extraordinario en abril de 6 mil pesos\u00a0a\u00a0jubilados\u00a0y pensionados y pensionadas que perciben el haber m\u00ednimo. El beneficio que comenzar\u00e1 a abonarse desde [&hellip;]<\/p>\n","protected":false},"author":4,"featured_media":28682,"comment_status":"closed","ping_status":"closed","sticky":false,"template":"","format":"standard","meta":{"om_disable_all_campaigns":false,"_jetpack_memberships_contains_paid_content":false,"footnotes":""},"categories":[50,101,2],"tags":[2818,197,696,33,19],"class_list":["post-105665","post","type-post","status-publish","format-standard","has-post-thumbnail","hentry","category-destacadas","category-interes-general-locales","category-locales","tag-a-partir-del-18-de-abril-los-jubilados-cobran-un-bono-de-6-mil-pesos","tag-buenos-aires","tag-interes-general","tag-locales","tag-san-pedro"],"aioseo_notices":[],"gutentor_comment":0,"jetpack_featured_media_url":"https:\/\/eldiariodesanpedro.com.ar\/sitio\/wp-content\/uploads\/2018\/01\/jubilados-Reparaci\u00f3n-hist\u00f3rica.jpg","jetpack_shortlink":"https:\/\/wp.me\/p6RhLt-ruh","jetpack_sharing_enabled":true,"_links":{"self":[{"href":"https:\/\/eldiariodesanpedro.com.ar\/sitio\/wp-json\/wp\/v2\/posts\/105665","targetHints":{"allow":["GET"]}}],"collection":[{"href":"https:\/\/eldiariodesanpedro.com.ar\/sitio\/wp-json\/wp\/v2\/posts"}],"about":[{"href":"https:\/\/eldiariodesanpedro.com.ar\/sitio\/wp-json\/wp\/v2\/types\/post"}],"author":[{"embeddable":true,"href":"https:\/\/eldiariodesanpedro.com.ar\/sitio\/wp-json\/wp\/v2\/users\/4"}],"replies":[{"embeddable":true,"href":"https:\/\/eldiariodesanpedro.com.ar\/sitio\/wp-json\/wp\/v2\/comments?post=105665"}],"version-history":[{"count":1,"href":"https:\/\/eldiariodesanpedro.com.ar\/sitio\/wp-json\/wp\/v2\/posts\/105665\/revisions"}],"predecessor-version":[{"id":105666,"href":"https:\/\/eldiariodesanpedro.com.ar\/sitio\/wp-json\/wp\/v2\/posts\/105665\/revisions\/105666"}],"wp:featuredmedia":[{"embeddable":true,"href":"https:\/\/eldiariodesanpedro.com.ar\/sitio\/wp-json\/wp\/v2\/media\/28682"}],"wp:attachment":[{"href":"https:\/\/eldiariodesanpedro.com.ar\/sitio\/wp-json\/wp\/v2\/media?parent=105665"}],"wp:term":[{"taxonomy":"category","embeddable":true,"href":"https:\/\/eldiariodesanpedro.com.ar\/sitio\/wp-json\/wp\/v2\/categories?post=105665"},{"taxonomy":"post_tag","embeddable":true,"href":"https:\/\/eldiariodesanpedro.com.ar\/sitio\/wp-json\/wp\/v2\/tags?post=105665"}],"curies":[{"name":"wp","href":"https:\/\/api.w.org\/{rel}","templated":true}]}}