{"id":10566,"date":"2016-11-22T23:41:25","date_gmt":"2016-11-23T02:41:25","guid":{"rendered":"https:\/\/eldiariodesanpedro.com.ar\/sitio\/?p=10566"},"modified":"2016-11-22T23:53:31","modified_gmt":"2016-11-23T02:53:31","slug":"un-aprehendido-por-el-crimen-en-napole","status":"publish","type":"post","link":"https:\/\/eldiariodesanpedro.com.ar\/sitio\/un-aprehendido-por-el-crimen-en-napole\/","title":{"rendered":"Un aprehendido por el crimen en Napole"},"content":{"rendered":"<p><!-- VideographyWP Plugin Message: Automatic video embedding prevented by plugin options. --><br \/>\nDurante un extensa y larga jornada, en el d\u00eda de hoy, se desarroll\u00f3 la rueda de reconocimiento en la cual participaron los testigos del crimen. La misma comenz\u00f3 pasado el mediod\u00eda, con el fin de determinar qui\u00e9n fue el asesino de Pedro Caballero. El hecho hab\u00eda sucedido en el local bailable Napole el \u00faltimo 14 de noviembre.<\/p>\n<p>Durante el d\u00eda, m\u00e1s de veinte testigos debieron reconocer a doce personas, entre las cuales estaban los tres sospechosos: uno de ellos ser\u00eda el autor de la pu\u00f1alada que termin\u00f3 con la vida del joven Caballero. <\/p>\n<p>El fiscal de la causa, el Dr. Manso, decidi\u00f3 la aprehensi\u00f3n de uno de los sospechosos, a quien se lo habr\u00eda apuntado a trav\u00e9s de las redes sociales en estos d\u00edas y que se ven\u00eda creyendo que pod\u00eda ser el autor del hecho. Sin lugar a dudas, en la ri\u00f1a hubo dos sospechosos que podr\u00edan haber terminado con la vida del joven de 24 a\u00f1os de edad, oriundo de Ramos Mej\u00eda, pero el fiscal, teniendo en cuenta la rueda de reconocimientos y la declaraciones de los testigos, decidi\u00f3 aprehender a este joven. <\/p>\n<p>Seg\u00fan declar\u00f3 Manso a El Diario de San Pedro, \u00abqueda esperar que el Juzgado de Garant\u00edas determine si pasa de la calidad de aprehendido a detenido\u00bb.<\/p>\n<div class=\"fb-video\" data-allowfullscreen=\"true\" data-href=\"https:\/\/www.facebook.com\/eldiario.desanpedro\/videos\/540702886138855\/\" style=\"background-color: #fff; display: inline-block;\"><\/div>\n","protected":false},"excerpt":{"rendered":"<p>Durante un extensa y larga jornada, en el d\u00eda de hoy, se desarroll\u00f3 la rueda de reconocimiento en la cual participaron los testigos del crimen. La misma comenz\u00f3 pasado el mediod\u00eda, con el fin de determinar qui\u00e9n fue el asesino de Pedro Caballero. El hecho hab\u00eda sucedido en el local bailable Napole el \u00faltimo 14 [&hellip;]<\/p>\n","protected":false},"author":4,"featured_media":10568,"comment_status":"open","ping_status":"closed","sticky":false,"template":"","format":"standard","meta":{"om_disable_all_campaigns":false,"_jetpack_memberships_contains_paid_content":false,"footnotes":""},"categories":[50,2,103],"tags":[],"class_list":["post-10566","post","type-post","status-publish","format-standard","has-post-thumbnail","hentry","category-destacadas","category-locales","category-policiales-locales"],"aioseo_notices":[],"gutentor_comment":0,"jetpack_featured_media_url":"https:\/\/eldiariodesanpedro.com.ar\/sitio\/wp-content\/uploads\/2016\/11\/TAPA-3.jpg","jetpack_shortlink":"https:\/\/wp.me\/p6RhLt-2Kq","jetpack_sharing_enabled":true,"_links":{"self":[{"href":"https:\/\/eldiariodesanpedro.com.ar\/sitio\/wp-json\/wp\/v2\/posts\/10566","targetHints":{"allow":["GET"]}}],"collection":[{"href":"https:\/\/eldiariodesanpedro.com.ar\/sitio\/wp-json\/wp\/v2\/posts"}],"about":[{"href":"https:\/\/eldiariodesanpedro.com.ar\/sitio\/wp-json\/wp\/v2\/types\/post"}],"author":[{"embeddable":true,"href":"https:\/\/eldiariodesanpedro.com.ar\/sitio\/wp-json\/wp\/v2\/users\/4"}],"replies":[{"embeddable":true,"href":"https:\/\/eldiariodesanpedro.com.ar\/sitio\/wp-json\/wp\/v2\/comments?post=10566"}],"version-history":[{"count":3,"href":"https:\/\/eldiariodesanpedro.com.ar\/sitio\/wp-json\/wp\/v2\/posts\/10566\/revisions"}],"predecessor-version":[{"id":10571,"href":"https:\/\/eldiariodesanpedro.com.ar\/sitio\/wp-json\/wp\/v2\/posts\/10566\/revisions\/10571"}],"wp:featuredmedia":[{"embeddable":true,"href":"https:\/\/eldiariodesanpedro.com.ar\/sitio\/wp-json\/wp\/v2\/media\/10568"}],"wp:attachment":[{"href":"https:\/\/eldiariodesanpedro.com.ar\/sitio\/wp-json\/wp\/v2\/media?parent=10566"}],"wp:term":[{"taxonomy":"category","embeddable":true,"href":"https:\/\/eldiariodesanpedro.com.ar\/sitio\/wp-json\/wp\/v2\/categories?post=10566"},{"taxonomy":"post_tag","embeddable":true,"href":"https:\/\/eldiariodesanpedro.com.ar\/sitio\/wp-json\/wp\/v2\/tags?post=10566"}],"curies":[{"name":"wp","href":"https:\/\/api.w.org\/{rel}","templated":true}]}}