{"id":105640,"date":"2022-04-04T13:26:07","date_gmt":"2022-04-04T16:26:07","guid":{"rendered":"https:\/\/eldiariodesanpedro.com.ar\/sitio\/?p=105640"},"modified":"2022-04-04T13:26:08","modified_gmt":"2022-04-04T16:26:08","slug":"mientras-estaba-en-la-casa-de-su-amigo-ladrones-le-abrieron-el-auto-y-se-robaron-pertenencias","status":"publish","type":"post","link":"https:\/\/eldiariodesanpedro.com.ar\/sitio\/mientras-estaba-en-la-casa-de-su-amigo-ladrones-le-abrieron-el-auto-y-se-robaron-pertenencias\/","title":{"rendered":"Mientras estaba en la casa de su amigo ladrones le abrieron el auto y se robaron pertenencias"},"content":{"rendered":"<!-- VideographyWP Plugin Message: Automatic video embedding prevented by plugin options. -->\n\n<p>Este domingo en horas de la noche un ciudadano denunci\u00f3 el robo de pertenencias que se encontraban dentro de su autom\u00f3vil.<\/p>\n\n\n\n<p>Ayer en horas de la noche cuando el denunciante egresa del domicilio de un amigo ubicado en calle Miguel Porta al 2700 y constata que autores ignorados le sustraen el est\u00e9reo del rodado, juego de mate y cargador port\u00e1til del interior de su autom\u00f3vil el cual hab\u00eda dejado estacionado en la v\u00eda p\u00fablica horas antes.&nbsp;<\/p>\n\n\n\n<p>La polic\u00eda de nuestra ciudad investiga el hecho para dar con el autor.<\/p>\n","protected":false},"excerpt":{"rendered":"<p>Este domingo en horas de la noche un ciudadano denunci\u00f3 el robo de pertenencias que se encontraban dentro de su autom\u00f3vil. Ayer en horas de la noche cuando el denunciante egresa del domicilio de un amigo ubicado en calle Miguel Porta al 2700 y constata que autores ignorados le sustraen el est\u00e9reo del rodado, juego [&hellip;]<\/p>\n","protected":false},"author":4,"featured_media":103679,"comment_status":"closed","ping_status":"closed","sticky":false,"template":"","format":"standard","meta":{"om_disable_all_campaigns":false,"_jetpack_memberships_contains_paid_content":false,"footnotes":""},"categories":[2,103],"tags":[197,33,95,19],"class_list":["post-105640","post","type-post","status-publish","format-standard","has-post-thumbnail","hentry","category-locales","category-policiales-locales","tag-buenos-aires","tag-locales","tag-policiales","tag-san-pedro"],"aioseo_notices":[],"gutentor_comment":0,"jetpack_featured_media_url":"https:\/\/eldiariodesanpedro.com.ar\/sitio\/wp-content\/uploads\/2022\/02\/comisaria_san_pedro.jpg","jetpack_shortlink":"https:\/\/wp.me\/p6RhLt-rtS","jetpack_sharing_enabled":true,"_links":{"self":[{"href":"https:\/\/eldiariodesanpedro.com.ar\/sitio\/wp-json\/wp\/v2\/posts\/105640","targetHints":{"allow":["GET"]}}],"collection":[{"href":"https:\/\/eldiariodesanpedro.com.ar\/sitio\/wp-json\/wp\/v2\/posts"}],"about":[{"href":"https:\/\/eldiariodesanpedro.com.ar\/sitio\/wp-json\/wp\/v2\/types\/post"}],"author":[{"embeddable":true,"href":"https:\/\/eldiariodesanpedro.com.ar\/sitio\/wp-json\/wp\/v2\/users\/4"}],"replies":[{"embeddable":true,"href":"https:\/\/eldiariodesanpedro.com.ar\/sitio\/wp-json\/wp\/v2\/comments?post=105640"}],"version-history":[{"count":1,"href":"https:\/\/eldiariodesanpedro.com.ar\/sitio\/wp-json\/wp\/v2\/posts\/105640\/revisions"}],"predecessor-version":[{"id":105641,"href":"https:\/\/eldiariodesanpedro.com.ar\/sitio\/wp-json\/wp\/v2\/posts\/105640\/revisions\/105641"}],"wp:featuredmedia":[{"embeddable":true,"href":"https:\/\/eldiariodesanpedro.com.ar\/sitio\/wp-json\/wp\/v2\/media\/103679"}],"wp:attachment":[{"href":"https:\/\/eldiariodesanpedro.com.ar\/sitio\/wp-json\/wp\/v2\/media?parent=105640"}],"wp:term":[{"taxonomy":"category","embeddable":true,"href":"https:\/\/eldiariodesanpedro.com.ar\/sitio\/wp-json\/wp\/v2\/categories?post=105640"},{"taxonomy":"post_tag","embeddable":true,"href":"https:\/\/eldiariodesanpedro.com.ar\/sitio\/wp-json\/wp\/v2\/tags?post=105640"}],"curies":[{"name":"wp","href":"https:\/\/api.w.org\/{rel}","templated":true}]}}