{"id":105638,"date":"2022-04-04T13:08:21","date_gmt":"2022-04-04T16:08:21","guid":{"rendered":"https:\/\/eldiariodesanpedro.com.ar\/sitio\/?p=105638"},"modified":"2022-04-04T13:08:21","modified_gmt":"2022-04-04T16:08:21","slug":"durante-la-madrugada-del-domingo-delincuentes-robaron-dos-motocicletas-del-patio-de-una-vivienda","status":"publish","type":"post","link":"https:\/\/eldiariodesanpedro.com.ar\/sitio\/durante-la-madrugada-del-domingo-delincuentes-robaron-dos-motocicletas-del-patio-de-una-vivienda\/","title":{"rendered":"Durante la madrugada del domingo delincuentes robaron dos motocicletas del patio de una vivienda"},"content":{"rendered":"<!-- VideographyWP Plugin Message: Automatic video embedding prevented by plugin options. -->\n\n<p>Este domingo una mujer se acerc\u00f3 a la comisar\u00eda local donde realiz\u00f3 una denuncia sobre el robo de dos motocicletas en su vivienda.<\/p>\n\n\n\n<p>Seg\u00fan especific\u00f3 la v\u00edctima que en la ma\u00f1ana del domingo cuando se encontraba en su domicilio ubicado en calle 72 y Col\u00f3n constata que autores ignorados le sustraen dos motocicletas, las cuales hab\u00eda dejado en el patio trasero de la morada, previo a ejercer violencia sobre alambre tejido que delimita su propiedad.&nbsp;<\/p>\n\n\n\n<p>Una de las motocicletas es una 110 cc y la otra una motocicleta tipo dax 70 cc.<\/p>\n","protected":false},"excerpt":{"rendered":"<p>Este domingo una mujer se acerc\u00f3 a la comisar\u00eda local donde realiz\u00f3 una denuncia sobre el robo de dos motocicletas en su vivienda. Seg\u00fan especific\u00f3 la v\u00edctima que en la ma\u00f1ana del domingo cuando se encontraba en su domicilio ubicado en calle 72 y Col\u00f3n constata que autores ignorados le sustraen dos motocicletas, las cuales [&hellip;]<\/p>\n","protected":false},"author":4,"featured_media":77860,"comment_status":"closed","ping_status":"closed","sticky":false,"template":"","format":"standard","meta":{"om_disable_all_campaigns":false,"_jetpack_memberships_contains_paid_content":false,"footnotes":""},"categories":[50,2,103],"tags":[197,33,95,19],"class_list":["post-105638","post","type-post","status-publish","format-standard","has-post-thumbnail","hentry","category-destacadas","category-locales","category-policiales-locales","tag-buenos-aires","tag-locales","tag-policiales","tag-san-pedro"],"aioseo_notices":[],"gutentor_comment":0,"jetpack_featured_media_url":"https:\/\/eldiariodesanpedro.com.ar\/sitio\/wp-content\/uploads\/2020\/07\/000085506.jpg","jetpack_shortlink":"https:\/\/wp.me\/p6RhLt-rtQ","jetpack_sharing_enabled":true,"_links":{"self":[{"href":"https:\/\/eldiariodesanpedro.com.ar\/sitio\/wp-json\/wp\/v2\/posts\/105638","targetHints":{"allow":["GET"]}}],"collection":[{"href":"https:\/\/eldiariodesanpedro.com.ar\/sitio\/wp-json\/wp\/v2\/posts"}],"about":[{"href":"https:\/\/eldiariodesanpedro.com.ar\/sitio\/wp-json\/wp\/v2\/types\/post"}],"author":[{"embeddable":true,"href":"https:\/\/eldiariodesanpedro.com.ar\/sitio\/wp-json\/wp\/v2\/users\/4"}],"replies":[{"embeddable":true,"href":"https:\/\/eldiariodesanpedro.com.ar\/sitio\/wp-json\/wp\/v2\/comments?post=105638"}],"version-history":[{"count":1,"href":"https:\/\/eldiariodesanpedro.com.ar\/sitio\/wp-json\/wp\/v2\/posts\/105638\/revisions"}],"predecessor-version":[{"id":105639,"href":"https:\/\/eldiariodesanpedro.com.ar\/sitio\/wp-json\/wp\/v2\/posts\/105638\/revisions\/105639"}],"wp:featuredmedia":[{"embeddable":true,"href":"https:\/\/eldiariodesanpedro.com.ar\/sitio\/wp-json\/wp\/v2\/media\/77860"}],"wp:attachment":[{"href":"https:\/\/eldiariodesanpedro.com.ar\/sitio\/wp-json\/wp\/v2\/media?parent=105638"}],"wp:term":[{"taxonomy":"category","embeddable":true,"href":"https:\/\/eldiariodesanpedro.com.ar\/sitio\/wp-json\/wp\/v2\/categories?post=105638"},{"taxonomy":"post_tag","embeddable":true,"href":"https:\/\/eldiariodesanpedro.com.ar\/sitio\/wp-json\/wp\/v2\/tags?post=105638"}],"curies":[{"name":"wp","href":"https:\/\/api.w.org\/{rel}","templated":true}]}}