{"id":105636,"date":"2022-04-04T12:48:39","date_gmt":"2022-04-04T15:48:39","guid":{"rendered":"https:\/\/eldiariodesanpedro.com.ar\/sitio\/?p=105636"},"modified":"2022-04-04T12:48:39","modified_gmt":"2022-04-04T15:48:39","slug":"un-delincuente-con-prision-domiciliaria-fue-hasta-la-casa-de-su-ex-pareja-la-agredio-y-le-rompio-el-auto","status":"publish","type":"post","link":"https:\/\/eldiariodesanpedro.com.ar\/sitio\/un-delincuente-con-prision-domiciliaria-fue-hasta-la-casa-de-su-ex-pareja-la-agredio-y-le-rompio-el-auto\/","title":{"rendered":"Un delincuente con prisi\u00f3n domiciliaria fue hasta la casa de su ex pareja la agredi\u00f3 y le rompi\u00f3 el auto"},"content":{"rendered":"<!-- VideographyWP Plugin Message: Automatic video embedding prevented by plugin options. -->\n\n<p>En la jornada de ayer un convicto con prisi\u00f3n domiciliaria fue detenido por agredir a su ex pareja y da\u00f1ar su autom\u00f3vil.<\/p>\n\n\n\n<p>Este domingo alrededor de las 8 de la ma\u00f1ana el personal policial se hace presente en calle Olivera Cesar al 200 con personal de la Comisar\u00eda de La Mujer y la Familia, donde se aprehendi\u00f3 a un ciudadano de 42 a\u00f1os, quien previo a agredir f\u00edsicamente a su ex pareja una mujer de 37 y da\u00f1ar su veh\u00edculo, fue trasladado a la CMyF donde se encontraba la misma radicando denuncia en su contra, refiri\u00e9ndole amenazas a ella y al personal Policial de CMyF.\u00a0<\/p>\n","protected":false},"excerpt":{"rendered":"<p>En la jornada de ayer un convicto con prisi\u00f3n domiciliaria fue detenido por agredir a su ex pareja y da\u00f1ar su autom\u00f3vil. Este domingo alrededor de las 8 de la ma\u00f1ana el personal policial se hace presente en calle Olivera Cesar al 200 con personal de la Comisar\u00eda de La Mujer y la Familia, donde [&hellip;]<\/p>\n","protected":false},"author":4,"featured_media":57506,"comment_status":"closed","ping_status":"closed","sticky":false,"template":"","format":"standard","meta":{"om_disable_all_campaigns":false,"_jetpack_memberships_contains_paid_content":false,"footnotes":""},"categories":[50,2,103],"tags":[197,696,33,19],"class_list":["post-105636","post","type-post","status-publish","format-standard","has-post-thumbnail","hentry","category-destacadas","category-locales","category-policiales-locales","tag-buenos-aires","tag-interes-general","tag-locales","tag-san-pedro"],"aioseo_notices":[],"gutentor_comment":0,"jetpack_featured_media_url":"https:\/\/eldiariodesanpedro.com.ar\/sitio\/wp-content\/uploads\/2019\/08\/comisaria_1024x768.jpg","jetpack_shortlink":"https:\/\/wp.me\/p6RhLt-rtO","jetpack_sharing_enabled":true,"_links":{"self":[{"href":"https:\/\/eldiariodesanpedro.com.ar\/sitio\/wp-json\/wp\/v2\/posts\/105636","targetHints":{"allow":["GET"]}}],"collection":[{"href":"https:\/\/eldiariodesanpedro.com.ar\/sitio\/wp-json\/wp\/v2\/posts"}],"about":[{"href":"https:\/\/eldiariodesanpedro.com.ar\/sitio\/wp-json\/wp\/v2\/types\/post"}],"author":[{"embeddable":true,"href":"https:\/\/eldiariodesanpedro.com.ar\/sitio\/wp-json\/wp\/v2\/users\/4"}],"replies":[{"embeddable":true,"href":"https:\/\/eldiariodesanpedro.com.ar\/sitio\/wp-json\/wp\/v2\/comments?post=105636"}],"version-history":[{"count":1,"href":"https:\/\/eldiariodesanpedro.com.ar\/sitio\/wp-json\/wp\/v2\/posts\/105636\/revisions"}],"predecessor-version":[{"id":105637,"href":"https:\/\/eldiariodesanpedro.com.ar\/sitio\/wp-json\/wp\/v2\/posts\/105636\/revisions\/105637"}],"wp:featuredmedia":[{"embeddable":true,"href":"https:\/\/eldiariodesanpedro.com.ar\/sitio\/wp-json\/wp\/v2\/media\/57506"}],"wp:attachment":[{"href":"https:\/\/eldiariodesanpedro.com.ar\/sitio\/wp-json\/wp\/v2\/media?parent=105636"}],"wp:term":[{"taxonomy":"category","embeddable":true,"href":"https:\/\/eldiariodesanpedro.com.ar\/sitio\/wp-json\/wp\/v2\/categories?post=105636"},{"taxonomy":"post_tag","embeddable":true,"href":"https:\/\/eldiariodesanpedro.com.ar\/sitio\/wp-json\/wp\/v2\/tags?post=105636"}],"curies":[{"name":"wp","href":"https:\/\/api.w.org\/{rel}","templated":true}]}}