{"id":105634,"date":"2022-04-04T12:17:20","date_gmt":"2022-04-04T15:17:20","guid":{"rendered":"https:\/\/eldiariodesanpedro.com.ar\/sitio\/?p=105634"},"modified":"2022-04-04T12:17:21","modified_gmt":"2022-04-04T15:17:21","slug":"manana-el-operativo-de-abordaje-territorial-estamos-en-tu-barrio-en-santa-lucia","status":"publish","type":"post","link":"https:\/\/eldiariodesanpedro.com.ar\/sitio\/manana-el-operativo-de-abordaje-territorial-estamos-en-tu-barrio-en-santa-lucia\/","title":{"rendered":"Ma\u00f1ana el operativo de abordaje territorial \u00abEstamos en tu barrio\u00bb en Santa Luc\u00eda"},"content":{"rendered":"<!-- VideographyWP Plugin Message: Automatic video embedding prevented by plugin options. -->\n\n<p>Se recuerda que ma\u00f1ana martes 5 de abril se concretar\u00e1 una nueva edici\u00f3n del programa de la Municipalidad de San Pedro, esta vez en Santa Luc\u00eda. Desde las 09.00 y hasta las 12.00, las \u00e1reas municipales, junto al Vacunatorio San Pedro Vacunate, ANSES, el CAJ y el ministerio de Trabajo, estar\u00e1n en la Plaza San Mart\u00edn de la localidad.<\/p>\n\n\n\n<p>\u00abEstamos en tu barrio\u00bb es una iniciativa local pensada con el objetivo de incrementar la presencia territorial, para acercar soluciones a los vecinos de los barrios y las localidades<\/p>\n","protected":false},"excerpt":{"rendered":"<p>Se recuerda que ma\u00f1ana martes 5 de abril se concretar\u00e1 una nueva edici\u00f3n del programa de la Municipalidad de San Pedro, esta vez en Santa Luc\u00eda. Desde las 09.00 y hasta las 12.00, las \u00e1reas municipales, junto al Vacunatorio San Pedro Vacunate, ANSES, el CAJ y el ministerio de Trabajo, estar\u00e1n en la Plaza San [&hellip;]<\/p>\n","protected":false},"author":4,"featured_media":105046,"comment_status":"closed","ping_status":"closed","sticky":false,"template":"","format":"standard","meta":{"om_disable_all_campaigns":false,"_jetpack_memberships_contains_paid_content":false,"footnotes":""},"categories":[50,101,2],"tags":[197,696,33,19],"class_list":["post-105634","post","type-post","status-publish","format-standard","has-post-thumbnail","hentry","category-destacadas","category-interes-general-locales","category-locales","tag-buenos-aires","tag-interes-general","tag-locales","tag-san-pedro"],"aioseo_notices":[],"gutentor_comment":0,"jetpack_featured_media_url":"https:\/\/eldiariodesanpedro.com.ar\/sitio\/wp-content\/uploads\/2022\/03\/WhatsApp-Image-2022-03-15-at-4.50.13-PM.jpeg","jetpack_shortlink":"https:\/\/wp.me\/p6RhLt-rtM","jetpack_sharing_enabled":true,"_links":{"self":[{"href":"https:\/\/eldiariodesanpedro.com.ar\/sitio\/wp-json\/wp\/v2\/posts\/105634","targetHints":{"allow":["GET"]}}],"collection":[{"href":"https:\/\/eldiariodesanpedro.com.ar\/sitio\/wp-json\/wp\/v2\/posts"}],"about":[{"href":"https:\/\/eldiariodesanpedro.com.ar\/sitio\/wp-json\/wp\/v2\/types\/post"}],"author":[{"embeddable":true,"href":"https:\/\/eldiariodesanpedro.com.ar\/sitio\/wp-json\/wp\/v2\/users\/4"}],"replies":[{"embeddable":true,"href":"https:\/\/eldiariodesanpedro.com.ar\/sitio\/wp-json\/wp\/v2\/comments?post=105634"}],"version-history":[{"count":1,"href":"https:\/\/eldiariodesanpedro.com.ar\/sitio\/wp-json\/wp\/v2\/posts\/105634\/revisions"}],"predecessor-version":[{"id":105635,"href":"https:\/\/eldiariodesanpedro.com.ar\/sitio\/wp-json\/wp\/v2\/posts\/105634\/revisions\/105635"}],"wp:featuredmedia":[{"embeddable":true,"href":"https:\/\/eldiariodesanpedro.com.ar\/sitio\/wp-json\/wp\/v2\/media\/105046"}],"wp:attachment":[{"href":"https:\/\/eldiariodesanpedro.com.ar\/sitio\/wp-json\/wp\/v2\/media?parent=105634"}],"wp:term":[{"taxonomy":"category","embeddable":true,"href":"https:\/\/eldiariodesanpedro.com.ar\/sitio\/wp-json\/wp\/v2\/categories?post=105634"},{"taxonomy":"post_tag","embeddable":true,"href":"https:\/\/eldiariodesanpedro.com.ar\/sitio\/wp-json\/wp\/v2\/tags?post=105634"}],"curies":[{"name":"wp","href":"https:\/\/api.w.org\/{rel}","templated":true}]}}