{"id":105630,"date":"2022-04-04T11:27:12","date_gmt":"2022-04-04T14:27:12","guid":{"rendered":"https:\/\/eldiariodesanpedro.com.ar\/sitio\/?p=105630"},"modified":"2022-04-04T11:27:13","modified_gmt":"2022-04-04T14:27:13","slug":"hoy-comenzo-la-inscripcion-al-plan-de-84-viviendas-en-villa-depietri","status":"publish","type":"post","link":"https:\/\/eldiariodesanpedro.com.ar\/sitio\/hoy-comenzo-la-inscripcion-al-plan-de-84-viviendas-en-villa-depietri\/","title":{"rendered":"Hoy comenz\u00f3 la inscripci\u00f3n al plan de 84 viviendas en Villa Depietri"},"content":{"rendered":"<!-- VideographyWP Plugin Message: Automatic video embedding prevented by plugin options. -->\n\n<p>La Municipalidad de San Pedro, a trav\u00e9s de la Secretar\u00eda de Desarrollo Humano informa que desde el \u00e1rea de Discapacidad comenzaron este lunes con las inscripciones para el plan de viviendas adaptadas a personas con movilidad reducida que forman parte del programa de Viviendas que se lleva a cabo a trav\u00e9s del Ministerio de Desarrollo Territorial y H\u00e1bitat de la Naci\u00f3n Argentina.<\/p>\n\n\n\n<p>Las inscripciones se realizar\u00e1n hasta el viernes 8 de abril en el horario de 8 a 14 en la Secretar\u00eda de Desarrollo Humano ubicada en Oliveira Cesar 280.<\/p>\n\n\n\n<p>En cuanto a la inscripci\u00f3n para viviendas convencionales se realizar\u00e1n desde este lunes hasta el mi\u00e9rcoles 13 de abril, los interesados deber\u00e1n cumplir con los siguientes requisitos: Ser mayor de 18 a\u00f1os; ser argentino\/a natural o por opci\u00f3n con residencia permanente en San Pedro; DNI del beneficiario\/a y grupo familiar conviviente; contar con grupo familiar a cargo; contar con ingresos provenientes de trabajo formales, jubilaciones y\/o pensiones; no ser propietarios\/as o copropietarios\/as de bienes inmuebles; presentar contrato de alquiler si lo tuviera.<\/p>\n\n\n\n<figure class=\"wp-block-image size-full\"><img decoding=\"async\" width=\"630\" height=\"630\" data-attachment-id=\"105631\" data-permalink=\"https:\/\/eldiariodesanpedro.com.ar\/sitio\/hoy-comenzo-la-inscripcion-al-plan-de-84-viviendas-en-villa-depietri\/whatsapp-image-2022-04-04-at-11-14-12-am\/\" data-orig-file=\"https:\/\/eldiariodesanpedro.com.ar\/sitio\/wp-content\/uploads\/2022\/04\/WhatsApp-Image-2022-04-04-at-11.14.12-AM.jpeg\" data-orig-size=\"630,630\" data-comments-opened=\"0\" data-image-meta=\"{&quot;aperture&quot;:&quot;0&quot;,&quot;credit&quot;:&quot;&quot;,&quot;camera&quot;:&quot;&quot;,&quot;caption&quot;:&quot;&quot;,&quot;created_timestamp&quot;:&quot;0&quot;,&quot;copyright&quot;:&quot;&quot;,&quot;focal_length&quot;:&quot;0&quot;,&quot;iso&quot;:&quot;0&quot;,&quot;shutter_speed&quot;:&quot;0&quot;,&quot;title&quot;:&quot;&quot;,&quot;orientation&quot;:&quot;0&quot;}\" data-image-title=\"WhatsApp Image 2022-04-04 at 11.14.12 AM\" data-image-description=\"\" data-image-caption=\"\" data-large-file=\"https:\/\/eldiariodesanpedro.com.ar\/sitio\/wp-content\/uploads\/2022\/04\/WhatsApp-Image-2022-04-04-at-11.14.12-AM.jpeg\" data-src=\"https:\/\/eldiariodesanpedro.com.ar\/sitio\/wp-content\/uploads\/2022\/04\/WhatsApp-Image-2022-04-04-at-11.14.12-AM.jpeg\" alt=\"\" class=\"wp-image-105631 lazyload\" data-srcset=\"https:\/\/eldiariodesanpedro.com.ar\/sitio\/wp-content\/uploads\/2022\/04\/WhatsApp-Image-2022-04-04-at-11.14.12-AM.jpeg 630w, https:\/\/eldiariodesanpedro.com.ar\/sitio\/wp-content\/uploads\/2022\/04\/WhatsApp-Image-2022-04-04-at-11.14.12-AM-300x300.jpeg 300w, https:\/\/eldiariodesanpedro.com.ar\/sitio\/wp-content\/uploads\/2022\/04\/WhatsApp-Image-2022-04-04-at-11.14.12-AM-150x150.jpeg 150w\" data-sizes=\"(max-width: 630px) 100vw, 630px\" src=\"data:image\/svg+xml;base64,PHN2ZyB3aWR0aD0iMSIgaGVpZ2h0PSIxIiB4bWxucz0iaHR0cDovL3d3dy53My5vcmcvMjAwMC9zdmciPjwvc3ZnPg==\" style=\"--smush-placeholder-width: 630px; --smush-placeholder-aspect-ratio: 630\/630;\" \/><\/figure>\n","protected":false},"excerpt":{"rendered":"<p>La Municipalidad de San Pedro, a trav\u00e9s de la Secretar\u00eda de Desarrollo Humano informa que desde el \u00e1rea de Discapacidad comenzaron este lunes con las inscripciones para el plan de viviendas adaptadas a personas con movilidad reducida que forman parte del programa de Viviendas que se lleva a cabo a trav\u00e9s del Ministerio de Desarrollo [&hellip;]<\/p>\n","protected":false},"author":4,"featured_media":105632,"comment_status":"closed","ping_status":"closed","sticky":false,"template":"","format":"standard","meta":{"om_disable_all_campaigns":false,"_jetpack_memberships_contains_paid_content":false,"footnotes":""},"categories":[50,101,2],"tags":[197,696,33,19],"class_list":["post-105630","post","type-post","status-publish","format-standard","has-post-thumbnail","hentry","category-destacadas","category-interes-general-locales","category-locales","tag-buenos-aires","tag-interes-general","tag-locales","tag-san-pedro"],"aioseo_notices":[],"gutentor_comment":0,"jetpack_featured_media_url":"https:\/\/eldiariodesanpedro.com.ar\/sitio\/wp-content\/uploads\/2022\/04\/WhatsApp-Image-2022-02-17-at-5.58.22-PM-770x513-1.jpeg","jetpack_shortlink":"https:\/\/wp.me\/p6RhLt-rtI","jetpack_sharing_enabled":true,"_links":{"self":[{"href":"https:\/\/eldiariodesanpedro.com.ar\/sitio\/wp-json\/wp\/v2\/posts\/105630","targetHints":{"allow":["GET"]}}],"collection":[{"href":"https:\/\/eldiariodesanpedro.com.ar\/sitio\/wp-json\/wp\/v2\/posts"}],"about":[{"href":"https:\/\/eldiariodesanpedro.com.ar\/sitio\/wp-json\/wp\/v2\/types\/post"}],"author":[{"embeddable":true,"href":"https:\/\/eldiariodesanpedro.com.ar\/sitio\/wp-json\/wp\/v2\/users\/4"}],"replies":[{"embeddable":true,"href":"https:\/\/eldiariodesanpedro.com.ar\/sitio\/wp-json\/wp\/v2\/comments?post=105630"}],"version-history":[{"count":1,"href":"https:\/\/eldiariodesanpedro.com.ar\/sitio\/wp-json\/wp\/v2\/posts\/105630\/revisions"}],"predecessor-version":[{"id":105633,"href":"https:\/\/eldiariodesanpedro.com.ar\/sitio\/wp-json\/wp\/v2\/posts\/105630\/revisions\/105633"}],"wp:featuredmedia":[{"embeddable":true,"href":"https:\/\/eldiariodesanpedro.com.ar\/sitio\/wp-json\/wp\/v2\/media\/105632"}],"wp:attachment":[{"href":"https:\/\/eldiariodesanpedro.com.ar\/sitio\/wp-json\/wp\/v2\/media?parent=105630"}],"wp:term":[{"taxonomy":"category","embeddable":true,"href":"https:\/\/eldiariodesanpedro.com.ar\/sitio\/wp-json\/wp\/v2\/categories?post=105630"},{"taxonomy":"post_tag","embeddable":true,"href":"https:\/\/eldiariodesanpedro.com.ar\/sitio\/wp-json\/wp\/v2\/tags?post=105630"}],"curies":[{"name":"wp","href":"https:\/\/api.w.org\/{rel}","templated":true}]}}