{"id":105628,"date":"2022-04-04T11:19:37","date_gmt":"2022-04-04T14:19:37","guid":{"rendered":"https:\/\/eldiariodesanpedro.com.ar\/sitio\/?p=105628"},"modified":"2022-04-04T11:19:38","modified_gmt":"2022-04-04T14:19:38","slug":"la-mujer-atropellada-ayer-vivia-en-una-precaria-casa-a-la-vera-de-la-ruta-9","status":"publish","type":"post","link":"https:\/\/eldiariodesanpedro.com.ar\/sitio\/la-mujer-atropellada-ayer-vivia-en-una-precaria-casa-a-la-vera-de-la-ruta-9\/","title":{"rendered":"La mujer atropellada ayer viv\u00eda en una precaria casa a la vera de la ruta 9"},"content":{"rendered":"<!-- VideographyWP Plugin Message: Automatic video embedding prevented by plugin options. -->\n\n<p>Se pudo conocer m\u00e1s detalles de por qu\u00e9 la joven mujer que perdi\u00f3 la vida ayer en la ruta nacional 9 se encontraba caminando en la oscuridad en esa zona.<\/p>\n\n\n\n<p>Seg\u00fan inform\u00f3 la Dra. Ramos la mujer identificada como Isabel Julia Mu\u00f1oz viv\u00eda con su hija de manera precaria en un asentamiento ubicado a la vera de la ruta por lo que andaba caminando en ese lugar donde ocurri\u00f3 el accidente.<\/p>\n\n\n\n<p>Se pudo conocer que aparentemente habr\u00eda salido a comprarle una golosina a su hija a un comercio de la zona.&nbsp;<\/p>\n\n\n\n<p>En la jornada de hoy la menor fue trasladada al hospital San Felipe de San Nicol\u00e1s donde se le realiz\u00f3 la extracci\u00f3n de uno de sus ri\u00f1ones da\u00f1ados, estando acompa\u00f1ada con una t\u00eda y su abuelo.<\/p>\n\n\n\n<p>Por su parte el cuerpo de la mujer de 27 a\u00f1os se encuentra tambi\u00e9n en San Nicol\u00e1s ya que se est\u00e1n realizando una autopsia solicitado por la fiscal y en las pr\u00f3ximas horas ser\u00e1 entregado a sus familiares para el correspondiente sepelio.<\/p>\n","protected":false},"excerpt":{"rendered":"<p>Se pudo conocer m\u00e1s detalles de por qu\u00e9 la joven mujer que perdi\u00f3 la vida ayer en la ruta nacional 9 se encontraba caminando en la oscuridad en esa zona. Seg\u00fan inform\u00f3 la Dra. Ramos la mujer identificada como Isabel Julia Mu\u00f1oz viv\u00eda con su hija de manera precaria en un asentamiento ubicado a la [&hellip;]<\/p>\n","protected":false},"author":4,"featured_media":105616,"comment_status":"closed","ping_status":"closed","sticky":false,"template":"","format":"standard","meta":{"om_disable_all_campaigns":false,"_jetpack_memberships_contains_paid_content":false,"footnotes":""},"categories":[50,101,2],"tags":[197,696,33,19],"class_list":["post-105628","post","type-post","status-publish","format-standard","has-post-thumbnail","hentry","category-destacadas","category-interes-general-locales","category-locales","tag-buenos-aires","tag-interes-general","tag-locales","tag-san-pedro"],"aioseo_notices":[],"gutentor_comment":0,"jetpack_featured_media_url":"https:\/\/eldiariodesanpedro.com.ar\/sitio\/wp-content\/uploads\/2022\/04\/WhatsApp-Image-2022-04-03-at-10.02.32-PM.jpeg","jetpack_shortlink":"https:\/\/wp.me\/p6RhLt-rtG","jetpack_sharing_enabled":true,"_links":{"self":[{"href":"https:\/\/eldiariodesanpedro.com.ar\/sitio\/wp-json\/wp\/v2\/posts\/105628","targetHints":{"allow":["GET"]}}],"collection":[{"href":"https:\/\/eldiariodesanpedro.com.ar\/sitio\/wp-json\/wp\/v2\/posts"}],"about":[{"href":"https:\/\/eldiariodesanpedro.com.ar\/sitio\/wp-json\/wp\/v2\/types\/post"}],"author":[{"embeddable":true,"href":"https:\/\/eldiariodesanpedro.com.ar\/sitio\/wp-json\/wp\/v2\/users\/4"}],"replies":[{"embeddable":true,"href":"https:\/\/eldiariodesanpedro.com.ar\/sitio\/wp-json\/wp\/v2\/comments?post=105628"}],"version-history":[{"count":1,"href":"https:\/\/eldiariodesanpedro.com.ar\/sitio\/wp-json\/wp\/v2\/posts\/105628\/revisions"}],"predecessor-version":[{"id":105629,"href":"https:\/\/eldiariodesanpedro.com.ar\/sitio\/wp-json\/wp\/v2\/posts\/105628\/revisions\/105629"}],"wp:featuredmedia":[{"embeddable":true,"href":"https:\/\/eldiariodesanpedro.com.ar\/sitio\/wp-json\/wp\/v2\/media\/105616"}],"wp:attachment":[{"href":"https:\/\/eldiariodesanpedro.com.ar\/sitio\/wp-json\/wp\/v2\/media?parent=105628"}],"wp:term":[{"taxonomy":"category","embeddable":true,"href":"https:\/\/eldiariodesanpedro.com.ar\/sitio\/wp-json\/wp\/v2\/categories?post=105628"},{"taxonomy":"post_tag","embeddable":true,"href":"https:\/\/eldiariodesanpedro.com.ar\/sitio\/wp-json\/wp\/v2\/tags?post=105628"}],"curies":[{"name":"wp","href":"https:\/\/api.w.org\/{rel}","templated":true}]}}