{"id":105625,"date":"2022-04-04T10:54:26","date_gmt":"2022-04-04T13:54:26","guid":{"rendered":"https:\/\/eldiariodesanpedro.com.ar\/sitio\/?p=105625"},"modified":"2022-04-04T10:54:27","modified_gmt":"2022-04-04T13:54:27","slug":"la-nina-de-4-anos-que-fue-atropellada-en-ruta-9-fue-trasladada-a-san-nicolas-con-un-estado-delicado","status":"publish","type":"post","link":"https:\/\/eldiariodesanpedro.com.ar\/sitio\/la-nina-de-4-anos-que-fue-atropellada-en-ruta-9-fue-trasladada-a-san-nicolas-con-un-estado-delicado\/","title":{"rendered":"La ni\u00f1a de 4 a\u00f1os que fue atropellada en ruta 9 fue trasladada a San Nicol\u00e1s con un estado delicado"},"content":{"rendered":"<!-- VideographyWP Plugin Message: Automatic video embedding prevented by plugin options. -->\n\n<p>En la tarde noche de ayer ocurri\u00f3 este grave siniestro en la Ruta Nacional 9 donde una mujer muri\u00f3 y su hija de 4 a\u00f1os se encuentra en un estado delicado siendo trasladada al hospital San Felipe de San Nicol\u00e1s. <\/p>\n\n\n\n<p>La ni\u00f1a sufri\u00f3 graves lesiones en el fatal accidente ocurrido el domingo por la noche en la Ruta 9, a la altura de La Serena debi\u00f3 ser\u00a0intervenida quir\u00fargicamente en hospital local por politraumatismos varios y hemorragia interna. A las 03:00 hs. fue trasladada a Hospital San Felipe de San Nicol\u00e1s, con pronostico reservado, se puedo establecer que se le extrajo un ri\u00f1\u00f3n que se encontraba da\u00f1ado.<\/p>\n\n\n\n<p>Cabe recordar que su madre Isabel Julia Mu\u00f1oz (27) muri\u00f3 tras ser impactada por una camioneta Vw Amarok a la altura del km. 162.<\/p>\n","protected":false},"excerpt":{"rendered":"<p>En la tarde noche de ayer ocurri\u00f3 este grave siniestro en la Ruta Nacional 9 donde una mujer muri\u00f3 y su hija de 4 a\u00f1os se encuentra en un estado delicado siendo trasladada al hospital San Felipe de San Nicol\u00e1s. La ni\u00f1a sufri\u00f3 graves lesiones en el fatal accidente ocurrido el domingo por la noche [&hellip;]<\/p>\n","protected":false},"author":4,"featured_media":105626,"comment_status":"closed","ping_status":"closed","sticky":false,"template":"","format":"standard","meta":{"om_disable_all_campaigns":false,"_jetpack_memberships_contains_paid_content":false,"footnotes":""},"categories":[50,101,2],"tags":[197,696,33,19],"class_list":["post-105625","post","type-post","status-publish","format-standard","has-post-thumbnail","hentry","category-destacadas","category-interes-general-locales","category-locales","tag-buenos-aires","tag-interes-general","tag-locales","tag-san-pedro"],"aioseo_notices":[],"gutentor_comment":0,"jetpack_featured_media_url":"https:\/\/eldiariodesanpedro.com.ar\/sitio\/wp-content\/uploads\/2022\/04\/IMG_20220404_083048.jpg","jetpack_shortlink":"https:\/\/wp.me\/p6RhLt-rtD","jetpack_sharing_enabled":true,"_links":{"self":[{"href":"https:\/\/eldiariodesanpedro.com.ar\/sitio\/wp-json\/wp\/v2\/posts\/105625","targetHints":{"allow":["GET"]}}],"collection":[{"href":"https:\/\/eldiariodesanpedro.com.ar\/sitio\/wp-json\/wp\/v2\/posts"}],"about":[{"href":"https:\/\/eldiariodesanpedro.com.ar\/sitio\/wp-json\/wp\/v2\/types\/post"}],"author":[{"embeddable":true,"href":"https:\/\/eldiariodesanpedro.com.ar\/sitio\/wp-json\/wp\/v2\/users\/4"}],"replies":[{"embeddable":true,"href":"https:\/\/eldiariodesanpedro.com.ar\/sitio\/wp-json\/wp\/v2\/comments?post=105625"}],"version-history":[{"count":1,"href":"https:\/\/eldiariodesanpedro.com.ar\/sitio\/wp-json\/wp\/v2\/posts\/105625\/revisions"}],"predecessor-version":[{"id":105627,"href":"https:\/\/eldiariodesanpedro.com.ar\/sitio\/wp-json\/wp\/v2\/posts\/105625\/revisions\/105627"}],"wp:featuredmedia":[{"embeddable":true,"href":"https:\/\/eldiariodesanpedro.com.ar\/sitio\/wp-json\/wp\/v2\/media\/105626"}],"wp:attachment":[{"href":"https:\/\/eldiariodesanpedro.com.ar\/sitio\/wp-json\/wp\/v2\/media?parent=105625"}],"wp:term":[{"taxonomy":"category","embeddable":true,"href":"https:\/\/eldiariodesanpedro.com.ar\/sitio\/wp-json\/wp\/v2\/categories?post=105625"},{"taxonomy":"post_tag","embeddable":true,"href":"https:\/\/eldiariodesanpedro.com.ar\/sitio\/wp-json\/wp\/v2\/tags?post=105625"}],"curies":[{"name":"wp","href":"https:\/\/api.w.org\/{rel}","templated":true}]}}