{"id":105621,"date":"2022-04-04T00:45:16","date_gmt":"2022-04-04T03:45:16","guid":{"rendered":"https:\/\/eldiariodesanpedro.com.ar\/sitio\/?p=105621"},"modified":"2022-04-04T00:45:17","modified_gmt":"2022-04-04T03:45:17","slug":"la-mujer-que-fue-atropellada-en-ruta-9-fue-identificada-como-isabel-julia-munoz-de-27-anos-y-su-hija-de-4-anos%ef%bf%bc","status":"publish","type":"post","link":"https:\/\/eldiariodesanpedro.com.ar\/sitio\/la-mujer-que-fue-atropellada-en-ruta-9-fue-identificada-como-isabel-julia-munoz-de-27-anos-y-su-hija-de-4-anos%ef%bf%bc\/","title":{"rendered":"La mujer que fue atropellada en ruta 9 fue identificada como Isabel Julia Mu\u00f1oz de 27 a\u00f1os y su hija de 4 a\u00f1os\ufffc"},"content":{"rendered":"<!-- VideographyWP Plugin Message: Automatic video embedding prevented by plugin options. -->\n\n<p>En la tarde noche de hoy sucedi\u00f3 un hecho tr\u00e1gico donde falleci\u00f3 una mujer oriunda de San Pedro y su hija result\u00f3 con lesiones.\u00a0<\/p>\n\n\n\n<p>En la jornada de hoy ocurri\u00f3 otro grave accidente en Ruta Nac. 9 km 162 donde una camioneta VW Amarok blanca, conducida por Etchecolatz Juan Manuel de 49 a\u00f1os oriundo de Cha\u00f1ar Ladeado Santa Fe, impacta sobre mayor una mujer mayor de edad que circulaba caminando quien perdi\u00f3 la vida al instante acompa\u00f1ada por una menor femenina que sufri\u00f3 lesiones graves, quien fue asistida y trasladada por ambulancia del SAME al hospital local,<\/p>\n\n\n\n<p>Tras las tareas de la Polic\u00eda Cient\u00edfica se logr\u00f3 identificar a la mujer Isabel Julia Mu\u00f1oz de&nbsp; 27 a\u00f1os, domiciliada en calle Javier Rivero al 700 de San Pedro y tambi\u00e9n se logr\u00f3&nbsp; identificar a la menor de nombre Kristal Mu\u00f1oz de 4 a\u00f1os, asistida por hospital local, se determina lesiones graves en la cadera.<\/p>\n","protected":false},"excerpt":{"rendered":"<p>En la tarde noche de hoy sucedi\u00f3 un hecho tr\u00e1gico donde falleci\u00f3 una mujer oriunda de San Pedro y su hija result\u00f3 con lesiones.\u00a0 En la jornada de hoy ocurri\u00f3 otro grave accidente en Ruta Nac. 9 km 162 donde una camioneta VW Amarok blanca, conducida por Etchecolatz Juan Manuel de 49 a\u00f1os oriundo de [&hellip;]<\/p>\n","protected":false},"author":4,"featured_media":105617,"comment_status":"closed","ping_status":"closed","sticky":false,"template":"","format":"standard","meta":{"om_disable_all_campaigns":false,"_jetpack_memberships_contains_paid_content":false,"footnotes":""},"categories":[50,2,103],"tags":[197,696,33,95,19],"class_list":["post-105621","post","type-post","status-publish","format-standard","has-post-thumbnail","hentry","category-destacadas","category-locales","category-policiales-locales","tag-buenos-aires","tag-interes-general","tag-locales","tag-policiales","tag-san-pedro"],"aioseo_notices":[],"gutentor_comment":0,"jetpack_featured_media_url":"https:\/\/eldiariodesanpedro.com.ar\/sitio\/wp-content\/uploads\/2022\/04\/WhatsApp-Image-2022-04-03-at-10.02.12-PM.jpeg","jetpack_shortlink":"https:\/\/wp.me\/p6RhLt-rtz","jetpack_sharing_enabled":true,"_links":{"self":[{"href":"https:\/\/eldiariodesanpedro.com.ar\/sitio\/wp-json\/wp\/v2\/posts\/105621","targetHints":{"allow":["GET"]}}],"collection":[{"href":"https:\/\/eldiariodesanpedro.com.ar\/sitio\/wp-json\/wp\/v2\/posts"}],"about":[{"href":"https:\/\/eldiariodesanpedro.com.ar\/sitio\/wp-json\/wp\/v2\/types\/post"}],"author":[{"embeddable":true,"href":"https:\/\/eldiariodesanpedro.com.ar\/sitio\/wp-json\/wp\/v2\/users\/4"}],"replies":[{"embeddable":true,"href":"https:\/\/eldiariodesanpedro.com.ar\/sitio\/wp-json\/wp\/v2\/comments?post=105621"}],"version-history":[{"count":1,"href":"https:\/\/eldiariodesanpedro.com.ar\/sitio\/wp-json\/wp\/v2\/posts\/105621\/revisions"}],"predecessor-version":[{"id":105622,"href":"https:\/\/eldiariodesanpedro.com.ar\/sitio\/wp-json\/wp\/v2\/posts\/105621\/revisions\/105622"}],"wp:featuredmedia":[{"embeddable":true,"href":"https:\/\/eldiariodesanpedro.com.ar\/sitio\/wp-json\/wp\/v2\/media\/105617"}],"wp:attachment":[{"href":"https:\/\/eldiariodesanpedro.com.ar\/sitio\/wp-json\/wp\/v2\/media?parent=105621"}],"wp:term":[{"taxonomy":"category","embeddable":true,"href":"https:\/\/eldiariodesanpedro.com.ar\/sitio\/wp-json\/wp\/v2\/categories?post=105621"},{"taxonomy":"post_tag","embeddable":true,"href":"https:\/\/eldiariodesanpedro.com.ar\/sitio\/wp-json\/wp\/v2\/tags?post=105621"}],"curies":[{"name":"wp","href":"https:\/\/api.w.org\/{rel}","templated":true}]}}