{"id":105615,"date":"2022-04-03T22:23:31","date_gmt":"2022-04-04T01:23:31","guid":{"rendered":"https:\/\/eldiariodesanpedro.com.ar\/sitio\/?p=105615"},"modified":"2022-04-03T22:32:28","modified_gmt":"2022-04-04T01:32:28","slug":"una-mujer-fallecida-y-una-nina-grave-tras-ser-colisionadas-en-la-ruta-9-por-una-camioneta-cuando-iban-caminando-de-noche","status":"publish","type":"post","link":"https:\/\/eldiariodesanpedro.com.ar\/sitio\/una-mujer-fallecida-y-una-nina-grave-tras-ser-colisionadas-en-la-ruta-9-por-una-camioneta-cuando-iban-caminando-de-noche\/","title":{"rendered":"Una mujer fallecida y una ni\u00f1a grave tras ser colisionadas en la ruta 9 por una camioneta cuando iban caminando de noche"},"content":{"rendered":"<!-- VideographyWP Plugin Message: Automatic video embedding prevented by plugin options. -->\n\n<p>En la jornada de hoy es el segundo accidente transito graves, esta vez ocurri\u00f3 a la altura de la localidad de Rio Tala, donde una mujer jque perdio la vida, se encontraba junto a su hija una ni\u00f1a que caminaban en la oscuridad atravesando la ruta.<\/p>\n\n\n\n<p>En la jornada de hoy ocurri\u00f3 otro grave accidente en Ruta Nac. 9 km 162  donde una camioneta VW Amarok blanca,  conducida por Etchecolatz Juan Manuel de 49 a\u00f1os oriundo de Cha\u00f1ar Ladeado Santa Fe, impacta sobre mayor una mujer mayor de edad que circulaba caminando quien perdi\u00f3 la vida al instante y todav\u00eda no fue identificada adem\u00e1s acompa\u00f1ada por una menor femenina  que sufri\u00f3 lesiones a determinar, quien fue asistida y trasladada por ambulancia del SAME al hospital local, <\/p>\n\n\n\n<p>Polic\u00eda cient\u00edfica trata de identificar a la mujer fallecida y tratar de averiguar por que motivos cruzaban la ruta caminando en linea recta de noche y sin iluminaci\u00f3n artificial. <\/p>\n\n\n\n<p>En el lugar el transito es asistido.<\/p>\n\n\n\n<figure class=\"wp-block-image size-full\"><img decoding=\"async\" width=\"840\" height=\"630\" data-attachment-id=\"105617\" data-permalink=\"https:\/\/eldiariodesanpedro.com.ar\/sitio\/una-mujer-fallecida-y-una-nina-grave-tras-ser-colisionadas-en-la-ruta-9-por-una-camioneta-cuando-iban-caminando-de-noche\/whatsapp-image-2022-04-03-at-10-02-12-pm\/\" data-orig-file=\"https:\/\/eldiariodesanpedro.com.ar\/sitio\/wp-content\/uploads\/2022\/04\/WhatsApp-Image-2022-04-03-at-10.02.12-PM.jpeg\" data-orig-size=\"840,630\" data-comments-opened=\"0\" data-image-meta=\"{&quot;aperture&quot;:&quot;0&quot;,&quot;credit&quot;:&quot;&quot;,&quot;camera&quot;:&quot;&quot;,&quot;caption&quot;:&quot;&quot;,&quot;created_timestamp&quot;:&quot;0&quot;,&quot;copyright&quot;:&quot;&quot;,&quot;focal_length&quot;:&quot;0&quot;,&quot;iso&quot;:&quot;0&quot;,&quot;shutter_speed&quot;:&quot;0&quot;,&quot;title&quot;:&quot;&quot;,&quot;orientation&quot;:&quot;0&quot;}\" data-image-title=\"WhatsApp Image 2022-04-03 at 10.02.12 PM\" data-image-description=\"\" data-image-caption=\"\" data-large-file=\"https:\/\/eldiariodesanpedro.com.ar\/sitio\/wp-content\/uploads\/2022\/04\/WhatsApp-Image-2022-04-03-at-10.02.12-PM.jpeg\" data-src=\"https:\/\/eldiariodesanpedro.com.ar\/sitio\/wp-content\/uploads\/2022\/04\/WhatsApp-Image-2022-04-03-at-10.02.12-PM.jpeg\" alt=\"\" class=\"wp-image-105617 lazyload\" data-srcset=\"https:\/\/eldiariodesanpedro.com.ar\/sitio\/wp-content\/uploads\/2022\/04\/WhatsApp-Image-2022-04-03-at-10.02.12-PM.jpeg 840w, https:\/\/eldiariodesanpedro.com.ar\/sitio\/wp-content\/uploads\/2022\/04\/WhatsApp-Image-2022-04-03-at-10.02.12-PM-300x225.jpeg 300w, https:\/\/eldiariodesanpedro.com.ar\/sitio\/wp-content\/uploads\/2022\/04\/WhatsApp-Image-2022-04-03-at-10.02.12-PM-768x576.jpeg 768w\" data-sizes=\"(max-width: 840px) 100vw, 840px\" src=\"data:image\/svg+xml;base64,PHN2ZyB3aWR0aD0iMSIgaGVpZ2h0PSIxIiB4bWxucz0iaHR0cDovL3d3dy53My5vcmcvMjAwMC9zdmciPjwvc3ZnPg==\" style=\"--smush-placeholder-width: 840px; --smush-placeholder-aspect-ratio: 840\/630;\" \/><\/figure>\n\n\n\n<figure class=\"wp-block-image size-full\"><img decoding=\"async\" width=\"354\" height=\"630\" data-attachment-id=\"105618\" data-permalink=\"https:\/\/eldiariodesanpedro.com.ar\/sitio\/una-mujer-fallecida-y-una-nina-grave-tras-ser-colisionadas-en-la-ruta-9-por-una-camioneta-cuando-iban-caminando-de-noche\/whatsapp-image-2022-04-03-at-10-02-11-pm\/\" data-orig-file=\"https:\/\/eldiariodesanpedro.com.ar\/sitio\/wp-content\/uploads\/2022\/04\/WhatsApp-Image-2022-04-03-at-10.02.11-PM.jpeg\" data-orig-size=\"354,630\" data-comments-opened=\"0\" data-image-meta=\"{&quot;aperture&quot;:&quot;0&quot;,&quot;credit&quot;:&quot;&quot;,&quot;camera&quot;:&quot;&quot;,&quot;caption&quot;:&quot;&quot;,&quot;created_timestamp&quot;:&quot;0&quot;,&quot;copyright&quot;:&quot;&quot;,&quot;focal_length&quot;:&quot;0&quot;,&quot;iso&quot;:&quot;0&quot;,&quot;shutter_speed&quot;:&quot;0&quot;,&quot;title&quot;:&quot;&quot;,&quot;orientation&quot;:&quot;0&quot;}\" data-image-title=\"WhatsApp Image 2022-04-03 at 10.02.11 PM\" data-image-description=\"\" data-image-caption=\"\" data-large-file=\"https:\/\/eldiariodesanpedro.com.ar\/sitio\/wp-content\/uploads\/2022\/04\/WhatsApp-Image-2022-04-03-at-10.02.11-PM.jpeg\" data-src=\"https:\/\/eldiariodesanpedro.com.ar\/sitio\/wp-content\/uploads\/2022\/04\/WhatsApp-Image-2022-04-03-at-10.02.11-PM.jpeg\" alt=\"\" class=\"wp-image-105618 lazyload\" data-srcset=\"https:\/\/eldiariodesanpedro.com.ar\/sitio\/wp-content\/uploads\/2022\/04\/WhatsApp-Image-2022-04-03-at-10.02.11-PM.jpeg 354w, https:\/\/eldiariodesanpedro.com.ar\/sitio\/wp-content\/uploads\/2022\/04\/WhatsApp-Image-2022-04-03-at-10.02.11-PM-169x300.jpeg 169w\" data-sizes=\"(max-width: 354px) 100vw, 354px\" src=\"data:image\/svg+xml;base64,PHN2ZyB3aWR0aD0iMSIgaGVpZ2h0PSIxIiB4bWxucz0iaHR0cDovL3d3dy53My5vcmcvMjAwMC9zdmciPjwvc3ZnPg==\" style=\"--smush-placeholder-width: 354px; --smush-placeholder-aspect-ratio: 354\/630;\" \/><\/figure>\n","protected":false},"excerpt":{"rendered":"<p>En la jornada de hoy es el segundo accidente transito graves, esta vez ocurri\u00f3 a la altura de la localidad de Rio Tala, donde una mujer jque perdio la vida, se encontraba junto a su hija una ni\u00f1a que caminaban en la oscuridad atravesando la ruta. En la jornada de hoy ocurri\u00f3 otro grave accidente [&hellip;]<\/p>\n","protected":false},"author":4,"featured_media":105616,"comment_status":"closed","ping_status":"closed","sticky":false,"template":"","format":"standard","meta":{"om_disable_all_campaigns":false,"_jetpack_memberships_contains_paid_content":false,"footnotes":""},"categories":[50,101,2],"tags":[197,696,33,19],"class_list":["post-105615","post","type-post","status-publish","format-standard","has-post-thumbnail","hentry","category-destacadas","category-interes-general-locales","category-locales","tag-buenos-aires","tag-interes-general","tag-locales","tag-san-pedro"],"aioseo_notices":[],"gutentor_comment":0,"jetpack_featured_media_url":"https:\/\/eldiariodesanpedro.com.ar\/sitio\/wp-content\/uploads\/2022\/04\/WhatsApp-Image-2022-04-03-at-10.02.32-PM.jpeg","jetpack_shortlink":"https:\/\/wp.me\/p6RhLt-rtt","jetpack_sharing_enabled":true,"_links":{"self":[{"href":"https:\/\/eldiariodesanpedro.com.ar\/sitio\/wp-json\/wp\/v2\/posts\/105615","targetHints":{"allow":["GET"]}}],"collection":[{"href":"https:\/\/eldiariodesanpedro.com.ar\/sitio\/wp-json\/wp\/v2\/posts"}],"about":[{"href":"https:\/\/eldiariodesanpedro.com.ar\/sitio\/wp-json\/wp\/v2\/types\/post"}],"author":[{"embeddable":true,"href":"https:\/\/eldiariodesanpedro.com.ar\/sitio\/wp-json\/wp\/v2\/users\/4"}],"replies":[{"embeddable":true,"href":"https:\/\/eldiariodesanpedro.com.ar\/sitio\/wp-json\/wp\/v2\/comments?post=105615"}],"version-history":[{"count":2,"href":"https:\/\/eldiariodesanpedro.com.ar\/sitio\/wp-json\/wp\/v2\/posts\/105615\/revisions"}],"predecessor-version":[{"id":105620,"href":"https:\/\/eldiariodesanpedro.com.ar\/sitio\/wp-json\/wp\/v2\/posts\/105615\/revisions\/105620"}],"wp:featuredmedia":[{"embeddable":true,"href":"https:\/\/eldiariodesanpedro.com.ar\/sitio\/wp-json\/wp\/v2\/media\/105616"}],"wp:attachment":[{"href":"https:\/\/eldiariodesanpedro.com.ar\/sitio\/wp-json\/wp\/v2\/media?parent=105615"}],"wp:term":[{"taxonomy":"category","embeddable":true,"href":"https:\/\/eldiariodesanpedro.com.ar\/sitio\/wp-json\/wp\/v2\/categories?post=105615"},{"taxonomy":"post_tag","embeddable":true,"href":"https:\/\/eldiariodesanpedro.com.ar\/sitio\/wp-json\/wp\/v2\/tags?post=105615"}],"curies":[{"name":"wp","href":"https:\/\/api.w.org\/{rel}","templated":true}]}}