{"id":105612,"date":"2022-04-03T20:14:05","date_gmt":"2022-04-03T23:14:05","guid":{"rendered":"https:\/\/eldiariodesanpedro.com.ar\/sitio\/?p=105612"},"modified":"2022-04-03T20:14:06","modified_gmt":"2022-04-03T23:14:06","slug":"tres-personas-fallecidas-y-cinco-heridos-en-accidente-en-la-ruta-9-donde-un-sampedrino-tambien-estuvo-involucrado","status":"publish","type":"post","link":"https:\/\/eldiariodesanpedro.com.ar\/sitio\/tres-personas-fallecidas-y-cinco-heridos-en-accidente-en-la-ruta-9-donde-un-sampedrino-tambien-estuvo-involucrado\/","title":{"rendered":"Tres personas fallecidas y cinco heridos en accidente en la ruta 9 donde un sampedrino tambi\u00e9n estuvo involucrado"},"content":{"rendered":"<!-- VideographyWP Plugin Message: Automatic video embedding prevented by plugin options. -->\n\n<p>En la fecha se produce accidente tr\u00e1nsito en Ruta Nac. 9 km 121 carril bs Rosario., entre veh\u00edculo auto VOLKWAGEN VENTO, y veh\u00edculo HONDA CIVIC el cual se cruza de carril, incendi\u00e1ndose con dos ocupantes en el interior mientras que el 2ro sale despedido hacia cantero central produci\u00e9ndose el deceso inmediato de masculino y, un 3 veh\u00edculo FORD ECO SPORT . *Transito asistido. Incendio veh\u00edculo sofocado por bomberos. Vialidad trabajando en lugar polic\u00eda vial Dto. Alsina Epc Baradero*. Resultancias 3 fallecidos y 5 heridos, no identificados al momento.-<\/p>\n\n\n\n<p>De testimonio recabados se logr\u00f3 identificar a ocupantes de VW Vento los cuales son oriundos de Zarate viajaban hac\u00eda San Pedro, el conductor masculino (35) tuvo lesiones leves, la acompa\u00f1ante femenina(29) tuvo una lesi\u00f3n en la columna vertebral y sus hijas femenina (16) la cual posee lesiones graves y la femenina (12) fractura de cr\u00e1neo. Mientras que los ocupantes del veh\u00edculo Ford Eco Sport oriundo de San Pedro, sin lesiones masculino (62). Y el tercer veh\u00edculo Honda Civic ptte GWU552 con 4 ocupantes de los cuales dos fallecen en el interior del habit\u00e1culo y dos son auxiliados por automovilistas de los cuales uno fallese en el lugar y se logra identificar a la cuarta ocupantes quien hasta el momento se encuentra en UTI con lesiones graves femenina (20) oriunda de Vicente L\u00f3pez Se procura identificaci\u00f3n de los 3 ocupantes fallecidos.<\/p>\n\n\n\n<iframe data-src=\"https:\/\/www.facebook.com\/plugins\/video.php?height=314&#038;href=https%3A%2F%2Fwww.facebook.com%2Fdiariosp2%2Fvideos%2F390939949222824%2F&#038;show_text=false&#038;width=560&#038;t=0\" width=\"560\" height=\"314\" style=\"border:none;overflow:hidden\" scrolling=\"no\" frameborder=\"0\" allowfullscreen=\"true\" allow=\"autoplay; clipboard-write; encrypted-media; picture-in-picture; web-share\" allowFullScreen=\"true\" src=\"data:image\/svg+xml;base64,PHN2ZyB3aWR0aD0iMSIgaGVpZ2h0PSIxIiB4bWxucz0iaHR0cDovL3d3dy53My5vcmcvMjAwMC9zdmciPjwvc3ZnPg==\" class=\"lazyload\" data-load-mode=\"1\"><\/iframe>\n","protected":false},"excerpt":{"rendered":"<p>En la fecha se produce accidente tr\u00e1nsito en Ruta Nac. 9 km 121 carril bs Rosario., entre veh\u00edculo auto VOLKWAGEN VENTO, y veh\u00edculo HONDA CIVIC el cual se cruza de carril, incendi\u00e1ndose con dos ocupantes en el interior mientras que el 2ro sale despedido hacia cantero central produci\u00e9ndose el deceso inmediato de masculino y, un [&hellip;]<\/p>\n","protected":false},"author":4,"featured_media":105613,"comment_status":"closed","ping_status":"closed","sticky":false,"template":"","format":"standard","meta":{"om_disable_all_campaigns":false,"_jetpack_memberships_contains_paid_content":false,"footnotes":""},"categories":[50,101,2],"tags":[197,696,33,19],"class_list":["post-105612","post","type-post","status-publish","format-standard","has-post-thumbnail","hentry","category-destacadas","category-interes-general-locales","category-locales","tag-buenos-aires","tag-interes-general","tag-locales","tag-san-pedro"],"aioseo_notices":[],"gutentor_comment":0,"jetpack_featured_media_url":"https:\/\/eldiariodesanpedro.com.ar\/sitio\/wp-content\/uploads\/2022\/04\/Accidente-Alsina-nuevo.jpg","jetpack_shortlink":"https:\/\/wp.me\/p6RhLt-rtq","jetpack_sharing_enabled":true,"_links":{"self":[{"href":"https:\/\/eldiariodesanpedro.com.ar\/sitio\/wp-json\/wp\/v2\/posts\/105612","targetHints":{"allow":["GET"]}}],"collection":[{"href":"https:\/\/eldiariodesanpedro.com.ar\/sitio\/wp-json\/wp\/v2\/posts"}],"about":[{"href":"https:\/\/eldiariodesanpedro.com.ar\/sitio\/wp-json\/wp\/v2\/types\/post"}],"author":[{"embeddable":true,"href":"https:\/\/eldiariodesanpedro.com.ar\/sitio\/wp-json\/wp\/v2\/users\/4"}],"replies":[{"embeddable":true,"href":"https:\/\/eldiariodesanpedro.com.ar\/sitio\/wp-json\/wp\/v2\/comments?post=105612"}],"version-history":[{"count":1,"href":"https:\/\/eldiariodesanpedro.com.ar\/sitio\/wp-json\/wp\/v2\/posts\/105612\/revisions"}],"predecessor-version":[{"id":105614,"href":"https:\/\/eldiariodesanpedro.com.ar\/sitio\/wp-json\/wp\/v2\/posts\/105612\/revisions\/105614"}],"wp:featuredmedia":[{"embeddable":true,"href":"https:\/\/eldiariodesanpedro.com.ar\/sitio\/wp-json\/wp\/v2\/media\/105613"}],"wp:attachment":[{"href":"https:\/\/eldiariodesanpedro.com.ar\/sitio\/wp-json\/wp\/v2\/media?parent=105612"}],"wp:term":[{"taxonomy":"category","embeddable":true,"href":"https:\/\/eldiariodesanpedro.com.ar\/sitio\/wp-json\/wp\/v2\/categories?post=105612"},{"taxonomy":"post_tag","embeddable":true,"href":"https:\/\/eldiariodesanpedro.com.ar\/sitio\/wp-json\/wp\/v2\/tags?post=105612"}],"curies":[{"name":"wp","href":"https:\/\/api.w.org\/{rel}","templated":true}]}}