{"id":105602,"date":"2022-04-02T18:52:31","date_gmt":"2022-04-02T21:52:31","guid":{"rendered":"https:\/\/eldiariodesanpedro.com.ar\/sitio\/?p=105602"},"modified":"2022-04-02T18:52:32","modified_gmt":"2022-04-02T21:52:32","slug":"el-banco-provincia-volvera-a-atender-en-su-horario-habitual","status":"publish","type":"post","link":"https:\/\/eldiariodesanpedro.com.ar\/sitio\/el-banco-provincia-volvera-a-atender-en-su-horario-habitual\/","title":{"rendered":"El Banco Provincia volver\u00e1 a atender en su horario habitual"},"content":{"rendered":"<!-- VideographyWP Plugin Message: Automatic video embedding prevented by plugin options. -->\n\n<p>Desde finales del a\u00f1o pasado, el Banco Provincia atiende a sus usuarios con horario de verano. \u00bfCu\u00e1ndo vuelve a su horario habitual?.<\/p>\n\n\n\n<p>Con la\u00a0finalizaci\u00f3n de la temporada de verano, el\u00a0Banco Provincia\u00a0volver\u00e1 a atender con su\u00a0horario\u00a0habitual en todas las sucursales. El\u00a0horario de verano comenz\u00f3 el pasado 17 de noviembre, atendiendo de 8:00 a 13:00 horas, en m\u00e1s de 106 distritos del interior de la provincia de Buenos Aires.<\/p>\n\n\n\n<p>A partir del pr\u00f3ximo lunes 4 de abril, las entidades financieras abrir\u00e1n en el horario habitual: de 10:00 a 15:00 horas, en todo el territorio provincial. De esta manera, Banco Provincia unifica la atenci\u00f3n en sus 420 sucursales.<\/p>\n\n\n\n<p>Seg\u00fan inform\u00f3 el Banco Provincia a trav\u00e9s de un comunicado oficial, el cambio de horario \u00abno generar\u00e1 modificaci\u00f3n en los\u00a0turnos\u00a0asignados, ya que los pedidos de abril en adelante fueron otorgados de acuerdo con la franja de 10:00 a 15:00 horas\u00bb.<\/p>\n\n\n\n<p>La medida fue de aplicaci\u00f3n exclusiva en los distritos que se adhirieron a esta resoluci\u00f3n oficial del Gobierno de la provincia de Buenos Aires. La misma fue ideada para cuidar a las personas de la exposiciones a las altas temperaturas de verano.<\/p>\n\n\n\n<h5 class=\"wp-block-heading\"><strong>Banco Provincia: \u00bfHabr\u00e1 que sacar turnos desde abril?<\/strong><\/h5>\n\n\n\n<p>El Banco Provincia inform\u00f3 que, si bien desde noviembre de 2021 las sucursales incorporaron la modalidad de atenci\u00f3n mixta, que permite a las personas acudir en forma presencial con o sin turnos,&nbsp;<strong>la entidad siempre recomienda optar por una cita previa para ahorrar tiempo en las operaciones<\/strong>.<\/p>\n\n\n\n<h5 class=\"wp-block-heading\"><strong>Alternativas para operar sin tener que ir al banco<\/strong><\/h5>\n\n\n\n<p>Para aquellas personas que no quieren ir al banco personalmente, tambi\u00e9n&nbsp;<strong>existen espacios digitales que les ahorran a los usuarios tener que hacer una fila y esperar.&nbsp;<\/strong>El Banco Provincia cuenta con seis v\u00edas electr\u00f3nicas y digitales para hacer la mayor parte de las transacciones bancarias:<\/p>\n\n\n\n<ul class=\"wp-block-list\"><li>Banca Internet Provincia BIP<\/li><li>BIP M\u00f3vil<\/li><li>Cuenta DNI<\/li><li>Cajeros autom\u00e1ticos<\/li><li>Extra Cash<\/li><li>Provincia Net<\/li><\/ul>\n\n\n\n<p>Estos seis canales se pueden utilizar a diario, sobre todo durante los fines de semana y feriados, cuando la entidad se encuentra cerrada. Conoc\u00e9 de qu\u00e9 se trata cada una de ellas&nbsp;<a href=\"https:\/\/infocielo.com\/banco-provincia\/banco-provincia-6-alternativas-operar-tener-que-ir-al-banco-n731663\" target=\"_blank\" rel=\"noreferrer noopener\">ingresando a este link<\/a>.<\/p>\n","protected":false},"excerpt":{"rendered":"<p>Desde finales del a\u00f1o pasado, el Banco Provincia atiende a sus usuarios con horario de verano. \u00bfCu\u00e1ndo vuelve a su horario habitual?. Con la\u00a0finalizaci\u00f3n de la temporada de verano, el\u00a0Banco Provincia\u00a0volver\u00e1 a atender con su\u00a0horario\u00a0habitual en todas las sucursales. El\u00a0horario de verano comenz\u00f3 el pasado 17 de noviembre, atendiendo de 8:00 a 13:00 horas, en [&hellip;]<\/p>\n","protected":false},"author":4,"featured_media":105603,"comment_status":"closed","ping_status":"closed","sticky":false,"template":"","format":"standard","meta":{"om_disable_all_campaigns":false,"_jetpack_memberships_contains_paid_content":false,"footnotes":""},"categories":[101,2],"tags":[197,696,33,19],"class_list":["post-105602","post","type-post","status-publish","format-standard","has-post-thumbnail","hentry","category-interes-general-locales","category-locales","tag-buenos-aires","tag-interes-general","tag-locales","tag-san-pedro"],"aioseo_notices":[],"gutentor_comment":0,"jetpack_featured_media_url":"https:\/\/eldiariodesanpedro.com.ar\/sitio\/wp-content\/uploads\/2022\/04\/banco_provincia_frente_0-741x400-1.jpg","jetpack_shortlink":"https:\/\/wp.me\/p6RhLt-rtg","jetpack_sharing_enabled":true,"_links":{"self":[{"href":"https:\/\/eldiariodesanpedro.com.ar\/sitio\/wp-json\/wp\/v2\/posts\/105602","targetHints":{"allow":["GET"]}}],"collection":[{"href":"https:\/\/eldiariodesanpedro.com.ar\/sitio\/wp-json\/wp\/v2\/posts"}],"about":[{"href":"https:\/\/eldiariodesanpedro.com.ar\/sitio\/wp-json\/wp\/v2\/types\/post"}],"author":[{"embeddable":true,"href":"https:\/\/eldiariodesanpedro.com.ar\/sitio\/wp-json\/wp\/v2\/users\/4"}],"replies":[{"embeddable":true,"href":"https:\/\/eldiariodesanpedro.com.ar\/sitio\/wp-json\/wp\/v2\/comments?post=105602"}],"version-history":[{"count":1,"href":"https:\/\/eldiariodesanpedro.com.ar\/sitio\/wp-json\/wp\/v2\/posts\/105602\/revisions"}],"predecessor-version":[{"id":105604,"href":"https:\/\/eldiariodesanpedro.com.ar\/sitio\/wp-json\/wp\/v2\/posts\/105602\/revisions\/105604"}],"wp:featuredmedia":[{"embeddable":true,"href":"https:\/\/eldiariodesanpedro.com.ar\/sitio\/wp-json\/wp\/v2\/media\/105603"}],"wp:attachment":[{"href":"https:\/\/eldiariodesanpedro.com.ar\/sitio\/wp-json\/wp\/v2\/media?parent=105602"}],"wp:term":[{"taxonomy":"category","embeddable":true,"href":"https:\/\/eldiariodesanpedro.com.ar\/sitio\/wp-json\/wp\/v2\/categories?post=105602"},{"taxonomy":"post_tag","embeddable":true,"href":"https:\/\/eldiariodesanpedro.com.ar\/sitio\/wp-json\/wp\/v2\/tags?post=105602"}],"curies":[{"name":"wp","href":"https:\/\/api.w.org\/{rel}","templated":true}]}}