{"id":105600,"date":"2022-04-02T18:46:53","date_gmt":"2022-04-02T21:46:53","guid":{"rendered":"https:\/\/eldiariodesanpedro.com.ar\/sitio\/?p=105600"},"modified":"2022-04-02T18:46:54","modified_gmt":"2022-04-02T21:46:54","slug":"cicop-acepto-la-oferta-de-un-aumento-del-445-en-tres-tramos%ef%bf%bc","status":"publish","type":"post","link":"https:\/\/eldiariodesanpedro.com.ar\/sitio\/cicop-acepto-la-oferta-de-un-aumento-del-445-en-tres-tramos%ef%bf%bc\/","title":{"rendered":"CICOP acept\u00f3 la oferta de un aumento del 44,5% en tres tramos\ufffc"},"content":{"rendered":"<!-- VideographyWP Plugin Message: Automatic video embedding prevented by plugin options. -->\n\n<p>Profesionales de la salud p\u00fablica bonaerense del gremio CICOP aprobaron hoy \u00aben disconformidad\u00bb un aumento en paritarias de 44,5% al mes de septiembre pr\u00f3ximo y en tres tramos.&nbsp;<\/p>\n\n\n\n<p>El aumento es precedido en las escalas con un 17,4% para marzo pasado y estipula un 28,8% para julio pr\u00f3ximo, con cl\u00e1usula de revisi\u00f3n y monitoreo en caso de que la inflaci\u00f3n supere lo previsto.&nbsp;<a><\/a><\/p>\n\n\n\n<p>Desde el gremio precisaron que \u201cel acuerdo alcanza a residentes\u201d y que \u201ccontinuar\u00e1n el reclamo gremial por reconocimiento de los aportes previsionales y la eliminaci\u00f3n total del presentismo en la Ley 10.471\u201d.<\/p>\n\n\n\n<p>Tambi\u00e9n el acuerdo incluye a las y los residentes y la convocatoria a una Mesa T\u00e9cnica para seguir trabajando en un nuevo reglamento para este sector.<\/p>\n\n\n\n<p>La votaci\u00f3n se realiz\u00f3 en un Congreso Provincial que llev\u00f3 los mandatos de todos los hospitales y centros de salud de la provincia, y se aprob\u00f3 por el 75,4 por ciento de los votos afirmativos, en tanto que la decisi\u00f3n \u00aben disconformidad\u00bb incluye el \u00abestado de alerta\u00bb para \u00abmonitorear el proceso inflacionario\u00bb, \u00abcontinuar el reclamo gremial por reconocimiento de los aportes previsionales\u00bb y la \u00abeliminaci\u00f3n total del presentismo en la Ley 10.471\u00bb.<\/p>\n","protected":false},"excerpt":{"rendered":"<p>Profesionales de la salud p\u00fablica bonaerense del gremio CICOP aprobaron hoy \u00aben disconformidad\u00bb un aumento en paritarias de 44,5% al mes de septiembre pr\u00f3ximo y en tres tramos.&nbsp; El aumento es precedido en las escalas con un 17,4% para marzo pasado y estipula un 28,8% para julio pr\u00f3ximo, con cl\u00e1usula de revisi\u00f3n y monitoreo en [&hellip;]<\/p>\n","protected":false},"author":4,"featured_media":81291,"comment_status":"closed","ping_status":"closed","sticky":false,"template":"","format":"standard","meta":{"om_disable_all_campaigns":false,"_jetpack_memberships_contains_paid_content":false,"footnotes":""},"categories":[101,2],"tags":[197,696,33,19],"class_list":["post-105600","post","type-post","status-publish","format-standard","has-post-thumbnail","hentry","category-interes-general-locales","category-locales","tag-buenos-aires","tag-interes-general","tag-locales","tag-san-pedro"],"aioseo_notices":[],"gutentor_comment":0,"jetpack_featured_media_url":"https:\/\/eldiariodesanpedro.com.ar\/sitio\/wp-content\/uploads\/2020\/09\/WhatsApp-Image-2020-09-21-at-18.45.01.jpeg","jetpack_shortlink":"https:\/\/wp.me\/p6RhLt-rte","jetpack_sharing_enabled":true,"_links":{"self":[{"href":"https:\/\/eldiariodesanpedro.com.ar\/sitio\/wp-json\/wp\/v2\/posts\/105600","targetHints":{"allow":["GET"]}}],"collection":[{"href":"https:\/\/eldiariodesanpedro.com.ar\/sitio\/wp-json\/wp\/v2\/posts"}],"about":[{"href":"https:\/\/eldiariodesanpedro.com.ar\/sitio\/wp-json\/wp\/v2\/types\/post"}],"author":[{"embeddable":true,"href":"https:\/\/eldiariodesanpedro.com.ar\/sitio\/wp-json\/wp\/v2\/users\/4"}],"replies":[{"embeddable":true,"href":"https:\/\/eldiariodesanpedro.com.ar\/sitio\/wp-json\/wp\/v2\/comments?post=105600"}],"version-history":[{"count":1,"href":"https:\/\/eldiariodesanpedro.com.ar\/sitio\/wp-json\/wp\/v2\/posts\/105600\/revisions"}],"predecessor-version":[{"id":105601,"href":"https:\/\/eldiariodesanpedro.com.ar\/sitio\/wp-json\/wp\/v2\/posts\/105600\/revisions\/105601"}],"wp:featuredmedia":[{"embeddable":true,"href":"https:\/\/eldiariodesanpedro.com.ar\/sitio\/wp-json\/wp\/v2\/media\/81291"}],"wp:attachment":[{"href":"https:\/\/eldiariodesanpedro.com.ar\/sitio\/wp-json\/wp\/v2\/media?parent=105600"}],"wp:term":[{"taxonomy":"category","embeddable":true,"href":"https:\/\/eldiariodesanpedro.com.ar\/sitio\/wp-json\/wp\/v2\/categories?post=105600"},{"taxonomy":"post_tag","embeddable":true,"href":"https:\/\/eldiariodesanpedro.com.ar\/sitio\/wp-json\/wp\/v2\/tags?post=105600"}],"curies":[{"name":"wp","href":"https:\/\/api.w.org\/{rel}","templated":true}]}}