{"id":10560,"date":"2016-11-22T20:53:29","date_gmt":"2016-11-22T23:53:29","guid":{"rendered":"https:\/\/eldiariodesanpedro.com.ar\/sitio\/?p=10560"},"modified":"2026-01-24T00:32:22","modified_gmt":"2026-01-24T03:32:22","slug":"ciclismo-san-nicolas-y-salto-con-ciclistas-locales","status":"publish","type":"post","link":"https:\/\/eldiariodesanpedro.com.ar\/sitio\/ciclismo-san-nicolas-y-salto-con-ciclistas-locales\/","title":{"rendered":"CICLISMO: San Nicol\u00e1s y Salto con ciclistas locales"},"content":{"rendered":"<p><!-- VideographyWP Plugin Message: Automatic video embedding prevented by plugin options. --><br \/>\nNueva fecha de los tradicionales jueves nocturnos del Club Ciclista San Nicol\u00e1s, la tercera del ciclo 2016 fue la disputada, donde en la competencia central fueron 46 los ciclistas que estuvieron girando en el \u00abRoberto Poto Enrico\u00bb, entre ellos, campeones argentinos de pista de la zona, consagrados recientemente en Mar del Plata, como as\u00ed tambi\u00e9n medallas de plata y bronce, que dieron brillo a la fresca noche nicole\u00f1a. La cuarta fecha se llevar\u00e1 a cabo en pr\u00f3ximo jueves 24. Estas fueron las clasificaciones de la programaci\u00f3n:<\/p>\n<p><strong>MENORES DE 45<\/strong><br \/>\n1\u00b0 Francisco Chipolini (San Pedro)<br \/>\n2\u00b0 Nicol\u00e1s Grosso (San Nicol\u00e1s)<br \/>\n3\u00b0 Carlos Braendt (San Pedro)<br \/>\n4\u00b0 Braian Carro (San Pedro)<br \/>\n5\u00b0 Jos\u00e9 Esp\u00edndola (San Pedro)<\/p>\n<p><strong>MASTER C &#8211; MAYORES DE 45 Y DAMAS<\/strong><br \/>\n1\u00b0 Jorge Cogliati (Rosario)<br \/>\n2\u00b0 Oscar Quinteros (Rosario)<br \/>\n3\u00b0 Narcizo Almua (Campana)<br \/>\n4\u00b0 Daniel Boaglio (San Pedro)<br \/>\n5\u00b0 Hugo Vel\u00e1zquez (San Nicol\u00e1s)<\/p>\n<p><strong>PROMOCIONALES &#8211; MASTER A &#8211; MASTER B<\/strong><br \/>\n1\u00b0 Germ\u00e1n Broggi (Chacabuco)<br \/>\n2\u00b0 Cristian Monzon (San Pedro)<br \/>\n3\u00b0 Federico Ojeda (Pergamino)<br \/>\n4\u00b0 Pablo Drascovich (San Nicol\u00e1s)<br \/>\n5\u00b0 Agust\u00edn Aquino (Rosario)<\/p>\n<p><strong>En Salto<\/strong><\/p>\n<p>La Pista Municipal de Salto fue el s\u00e1bado escenario de una nueva fecha del campeonato nocturno de ciclismo denominado \u00abVasco Arrospide\u00bb, en una tarde soleada al inicio del programa, mientras giraban los pelotones protagonistas de las competencias previas y el anochecer lentamente hacia bajar la temperatura, pero el buen espect\u00e1culo que brindaron los muchachos de la prueba de fondo reservada a promocionales y master A aclimataron a los aficionados entusiasmados en el r\u00e1pido ritmo impuesto desde el silbato de orden de partida, \u00e1gil, explosivo y un final emocionante obtenido por el joven local Federico Raboso.<br \/>\nAqu\u00ed est\u00e1n las clasificaciones registradas el s\u00e1bado 19 de noviembre:<\/p>\n<p><strong>DEBUTANTES A<\/strong><br \/>\n1\u00b0 Juan Ignacio G\u00f3ngora (Arrecifes)<br \/>\n2\u00b0 Luka Dundic (Salto)<br \/>\n3\u00b0 Hern\u00e1n Vallejos (Colon)<br \/>\n4\u00b0 Juan Quintana (San Pedro)<br \/>\n5\u00b0 Andr\u00e9s Kribonot (Moreno)<\/p>\n<p><strong>MAYORES B<\/strong><br \/>\n1\u00b0 Marcelo Andr\u00e9s Garc\u00eda (Pergamino)<br \/>\n2\u00b0 Juan Manuel Gim\u00e9nez (Col\u00f3n)<br \/>\n3\u00b0 Lucas Molinari (Arrecifes)<br \/>\n4\u00b0 Diego Parto (Col\u00f3n)<br \/>\n5\u00b0 Maxi Chiosso (Chacabuco)<br \/>\n6\u00b0 Fernando Comis Iraola (Arrecifes)<\/p>\n<p><strong>MASTER C<\/strong><br \/>\n1\u00b0 Mario Dauria (Chivilcoy)<br \/>\n2\u00b0 Marcelo Flores (Salto)<br \/>\n3\u00b0 Sergio Ayastuy (Salto)<br \/>\n4\u00b0 Gerardo Rivero (Pergamino)<br \/>\n5\u00b0 Jorge Gallo (Pergamino)<\/p>\n<p><strong>MASTER B <\/strong><br \/>\n1\u00b0 Marcos P\u00e9rez (Salto)<br \/>\n2\u00b0 Dar\u00edo Pi\u00f1ero (Arrecifes)<br \/>\n3\u00b0 Edgardo Berasaluce (Col\u00f3n)<br \/>\n4\u00b0 Mario Garibaldi (San Pedro)<br \/>\n5\u00b0 Gustavo Paday (Capit\u00e1n Sarmiento)<\/p>\n<p><strong>PROMOCIONAL Y MASTER A<\/strong><br \/>\n1\u00b0 Federico Raboso (Salto)<br \/>\n2\u00b0 Jos\u00e9 E. Villarruel (San Pedro)<br \/>\n3\u00b0 Luis I. Abelda\u00f1o (Alberti)<br \/>\n4\u00b0 Diego Tamame (Lincoln)<br \/>\n5\u00b0 Juan Pablo Villarruel (San Pedro)<\/p>\n","protected":false},"excerpt":{"rendered":"<p>Nueva fecha de los tradicionales jueves nocturnos del Club Ciclista San Nicol\u00e1s, la tercera del ciclo 2016 fue la disputada, donde en la competencia central fueron 46 los ciclistas que estuvieron girando en el \u00abRoberto Poto Enrico\u00bb, entre ellos, campeones argentinos de pista de la zona, consagrados recientemente en Mar del Plata, como as\u00ed tambi\u00e9n [&hellip;]<\/p>\n","protected":false},"author":4,"featured_media":10379,"comment_status":"open","ping_status":"closed","sticky":false,"template":"","format":"standard","meta":{"om_disable_all_campaigns":false,"_jetpack_memberships_contains_paid_content":false,"footnotes":""},"categories":[5],"tags":[],"class_list":["post-10560","post","type-post","status-publish","format-standard","has-post-thumbnail","hentry","category-deportes"],"aioseo_notices":[],"gutentor_comment":0,"jetpack_featured_media_url":"https:\/\/eldiariodesanpedro.com.ar\/sitio\/wp-content\/uploads\/2016\/11\/ciclismo.jpg","jetpack_shortlink":"https:\/\/wp.me\/p6RhLt-2Kk","jetpack_sharing_enabled":true,"_links":{"self":[{"href":"https:\/\/eldiariodesanpedro.com.ar\/sitio\/wp-json\/wp\/v2\/posts\/10560","targetHints":{"allow":["GET"]}}],"collection":[{"href":"https:\/\/eldiariodesanpedro.com.ar\/sitio\/wp-json\/wp\/v2\/posts"}],"about":[{"href":"https:\/\/eldiariodesanpedro.com.ar\/sitio\/wp-json\/wp\/v2\/types\/post"}],"author":[{"embeddable":true,"href":"https:\/\/eldiariodesanpedro.com.ar\/sitio\/wp-json\/wp\/v2\/users\/4"}],"replies":[{"embeddable":true,"href":"https:\/\/eldiariodesanpedro.com.ar\/sitio\/wp-json\/wp\/v2\/comments?post=10560"}],"version-history":[{"count":1,"href":"https:\/\/eldiariodesanpedro.com.ar\/sitio\/wp-json\/wp\/v2\/posts\/10560\/revisions"}],"predecessor-version":[{"id":10561,"href":"https:\/\/eldiariodesanpedro.com.ar\/sitio\/wp-json\/wp\/v2\/posts\/10560\/revisions\/10561"}],"wp:featuredmedia":[{"embeddable":true,"href":"https:\/\/eldiariodesanpedro.com.ar\/sitio\/wp-json\/wp\/v2\/media\/10379"}],"wp:attachment":[{"href":"https:\/\/eldiariodesanpedro.com.ar\/sitio\/wp-json\/wp\/v2\/media?parent=10560"}],"wp:term":[{"taxonomy":"category","embeddable":true,"href":"https:\/\/eldiariodesanpedro.com.ar\/sitio\/wp-json\/wp\/v2\/categories?post=10560"},{"taxonomy":"post_tag","embeddable":true,"href":"https:\/\/eldiariodesanpedro.com.ar\/sitio\/wp-json\/wp\/v2\/tags?post=10560"}],"curies":[{"name":"wp","href":"https:\/\/api.w.org\/{rel}","templated":true}]}}