{"id":105592,"date":"2022-04-02T18:42:55","date_gmt":"2022-04-02T21:42:55","guid":{"rendered":"https:\/\/eldiariodesanpedro.com.ar\/sitio\/?p=105592"},"modified":"2022-04-02T18:42:56","modified_gmt":"2022-04-02T21:42:56","slug":"acto-oficial-por-el-40o-aniversario-del-veterano-y-de-los-caidos-en-la-guerra-de-malvinas","status":"publish","type":"post","link":"https:\/\/eldiariodesanpedro.com.ar\/sitio\/acto-oficial-por-el-40o-aniversario-del-veterano-y-de-los-caidos-en-la-guerra-de-malvinas\/","title":{"rendered":"Acto oficial por el 40\u00ba Aniversario del veterano y de los ca\u00eddos en la Guerra de Malvinas"},"content":{"rendered":"<!-- VideographyWP Plugin Message: Automatic video embedding prevented by plugin options. -->\n\n<p>En el monumento que homenajea a los Ca\u00eddos y Veteranos de Malvinas y a 40 a\u00f1os del inicio de la guerra, la Municipalidad, el Honorable Concejo Deliberante y la Asociaci\u00f3n Sampedrina de Veteranos de Guerra organizaron un acto al pie de las barrancas y con la presencia de ex combatientes, familiares, funcionarios y representantes de instituciones de nuestra comunidad. El acto cont\u00f3 con la presencia de soldados Patricios, Granaderos, de Artiller\u00eda y la Banda Arcobaleno dirigida por Miguel Rivero quienes interpretaron el Himno Nacional Argentino entre otras canciones patrias.<\/p>\n\n\n\n<p>Durante su desarrollo se colocaron ofrendas florales, hubo reconocimientos especiales y emocionados mensajes. El Honorable Concejo Deliberante hizo entrega de una placa para cada uno de los Veteranos y Ca\u00eddos que ser\u00e1n entregadas a las familias para que si lo desean las coloquen frente a sus casas.<\/p>\n\n\n\n<p>Mariana Maroli en representaci\u00f3n de un grupo de artistas que elaboraron una hortensia, la incorpor\u00f3 al monumento que recuerda la gesta de Malvinas y a sus h\u00e9roes.<\/p>\n\n\n\n<p>Javier Saucedo, presidente de la Asociaci\u00f3n de Veteranos habl\u00f3 de aquellos d\u00edas, de las reacciones que el pueblo argentino fue teniendo en tanto transcurrieron los a\u00f1os desde aquel lejano 1982 y con gran emoci\u00f3n habl\u00f3 del dolor y el sufrimiento de las mujeres que, como madres y esposas, acompa\u00f1aron ese momento hist\u00f3rico.<\/p>\n\n\n\n<p>El Intendente Dr. Ram\u00f3n Salazar comenz\u00f3 su mensaje pidiendo un aplauso para los veteranos y sus familias y coincidi\u00f3 con Saucedo en destacar ese rol fundamental de las familias, antes, durante y especialmente en todo lo que vino despu\u00e9s de la guerra.<\/p>\n\n\n\n<p>Se\u00f1al\u00f3 que \u201cEl leg\u00edtimo reclamo de los derechos argentinos, cada vez resulta m\u00e1s irrefutable para las grandes potencias\u201d y cerr\u00f3 su alocuci\u00f3n expresando que \u201cel pueblo Sampedrino abraza a los ca\u00eddos, a los veteranos, a sus familias\u201d<\/p>\n\n\n\n<p>El acto se cerr\u00f3 con la Marcha a las Malvinas entonada por todos los presentes y ejecutada por la banda Arcobaleno.<\/p>\n\n\n\n<p>Reconocimientos:<br>Soldado Conscripto del Ej\u00e9rcito Argentino Domingo Faustino Ancharek, Soldado de la Fuerza A\u00e9rea Argentina Javier Huber Saucedo, Soldado Conscripto del Ej\u00e9rcito Argentino Pablo Enrique Azimonti, Soldado Conscripto del Ej\u00e9rcito Argentino de Granaderos a Caballo Domingo \u00c1ngel Novaro, Sub Oficial Principal del Ej\u00e9rcito Argentino Elvio Alberto Balcaza, Conscripto de la Armada Argentina Sergio Rub\u00e9n Cano, Conscripto de la Armada Argentina Jorge Pablo Mart\u00ednez, Soldado Conscripto del Ej\u00e9rcito Argentino Adri\u00e1n Oscar Montorfano, Conscripto de la Armada Argentina Ra\u00fal Horacio Ram\u00edrez, Conscripto de la Armada Argentina V\u00edctor Hugo R\u00edos, Soldado Conscripto del Ej\u00e9rcito Argentino Vicente Am\u00e9rico De Marchi, Soldado Conscripto del Ej\u00e9rcito Argentino, fallecido pos-conflicto Jorge Alberto Andreetta, Cabo Principal de la Armada Argentina, fallecido pos-conflicto Jos\u00e9 Antonio Galb\u00e1n y a los h\u00e9roes ca\u00eddos en Malvinas: Sargento Ayudante del Ej\u00e9rcito Argentino Mateo Antonio Sbert y Cabo Segundo de la Armada Argentina Sergio Daniel Magliotti.<\/p>\n\n\n\n<figure class=\"wp-block-image size-full\"><img decoding=\"async\" width=\"929\" height=\"630\" data-attachment-id=\"105597\" data-permalink=\"https:\/\/eldiariodesanpedro.com.ar\/sitio\/acto-oficial-por-el-40o-aniversario-del-veterano-y-de-los-caidos-en-la-guerra-de-malvinas\/whatsapp-image-2022-04-02-at-3-29-09-pm\/\" data-orig-file=\"https:\/\/eldiariodesanpedro.com.ar\/sitio\/wp-content\/uploads\/2022\/04\/WhatsApp-Image-2022-04-02-at-3.29.09-PM.jpeg\" data-orig-size=\"929,630\" data-comments-opened=\"0\" data-image-meta=\"{&quot;aperture&quot;:&quot;0&quot;,&quot;credit&quot;:&quot;&quot;,&quot;camera&quot;:&quot;&quot;,&quot;caption&quot;:&quot;&quot;,&quot;created_timestamp&quot;:&quot;0&quot;,&quot;copyright&quot;:&quot;&quot;,&quot;focal_length&quot;:&quot;0&quot;,&quot;iso&quot;:&quot;0&quot;,&quot;shutter_speed&quot;:&quot;0&quot;,&quot;title&quot;:&quot;&quot;,&quot;orientation&quot;:&quot;0&quot;}\" data-image-title=\"WhatsApp Image 2022-04-02 at 3.29.09 PM\" data-image-description=\"\" data-image-caption=\"\" data-large-file=\"https:\/\/eldiariodesanpedro.com.ar\/sitio\/wp-content\/uploads\/2022\/04\/WhatsApp-Image-2022-04-02-at-3.29.09-PM.jpeg\" data-src=\"https:\/\/eldiariodesanpedro.com.ar\/sitio\/wp-content\/uploads\/2022\/04\/WhatsApp-Image-2022-04-02-at-3.29.09-PM.jpeg\" alt=\"\" class=\"wp-image-105597 lazyload\" data-srcset=\"https:\/\/eldiariodesanpedro.com.ar\/sitio\/wp-content\/uploads\/2022\/04\/WhatsApp-Image-2022-04-02-at-3.29.09-PM.jpeg 929w, https:\/\/eldiariodesanpedro.com.ar\/sitio\/wp-content\/uploads\/2022\/04\/WhatsApp-Image-2022-04-02-at-3.29.09-PM-300x203.jpeg 300w, https:\/\/eldiariodesanpedro.com.ar\/sitio\/wp-content\/uploads\/2022\/04\/WhatsApp-Image-2022-04-02-at-3.29.09-PM-768x521.jpeg 768w\" data-sizes=\"(max-width: 929px) 100vw, 929px\" src=\"data:image\/svg+xml;base64,PHN2ZyB3aWR0aD0iMSIgaGVpZ2h0PSIxIiB4bWxucz0iaHR0cDovL3d3dy53My5vcmcvMjAwMC9zdmciPjwvc3ZnPg==\" style=\"--smush-placeholder-width: 929px; --smush-placeholder-aspect-ratio: 929\/630;\" \/><\/figure>\n\n\n\n<figure class=\"wp-block-image size-full\"><img decoding=\"async\" width=\"945\" height=\"630\" data-attachment-id=\"105598\" data-permalink=\"https:\/\/eldiariodesanpedro.com.ar\/sitio\/acto-oficial-por-el-40o-aniversario-del-veterano-y-de-los-caidos-en-la-guerra-de-malvinas\/whatsapp-image-2022-04-02-at-3-30-10-pm\/\" data-orig-file=\"https:\/\/eldiariodesanpedro.com.ar\/sitio\/wp-content\/uploads\/2022\/04\/WhatsApp-Image-2022-04-02-at-3.30.10-PM.jpeg\" data-orig-size=\"945,630\" data-comments-opened=\"0\" data-image-meta=\"{&quot;aperture&quot;:&quot;0&quot;,&quot;credit&quot;:&quot;&quot;,&quot;camera&quot;:&quot;&quot;,&quot;caption&quot;:&quot;&quot;,&quot;created_timestamp&quot;:&quot;0&quot;,&quot;copyright&quot;:&quot;&quot;,&quot;focal_length&quot;:&quot;0&quot;,&quot;iso&quot;:&quot;0&quot;,&quot;shutter_speed&quot;:&quot;0&quot;,&quot;title&quot;:&quot;&quot;,&quot;orientation&quot;:&quot;0&quot;}\" data-image-title=\"WhatsApp Image 2022-04-02 at 3.30.10 PM\" data-image-description=\"\" data-image-caption=\"\" data-large-file=\"https:\/\/eldiariodesanpedro.com.ar\/sitio\/wp-content\/uploads\/2022\/04\/WhatsApp-Image-2022-04-02-at-3.30.10-PM.jpeg\" data-src=\"https:\/\/eldiariodesanpedro.com.ar\/sitio\/wp-content\/uploads\/2022\/04\/WhatsApp-Image-2022-04-02-at-3.30.10-PM.jpeg\" alt=\"\" class=\"wp-image-105598 lazyload\" data-srcset=\"https:\/\/eldiariodesanpedro.com.ar\/sitio\/wp-content\/uploads\/2022\/04\/WhatsApp-Image-2022-04-02-at-3.30.10-PM.jpeg 945w, https:\/\/eldiariodesanpedro.com.ar\/sitio\/wp-content\/uploads\/2022\/04\/WhatsApp-Image-2022-04-02-at-3.30.10-PM-300x200.jpeg 300w, https:\/\/eldiariodesanpedro.com.ar\/sitio\/wp-content\/uploads\/2022\/04\/WhatsApp-Image-2022-04-02-at-3.30.10-PM-768x512.jpeg 768w\" data-sizes=\"(max-width: 945px) 100vw, 945px\" src=\"data:image\/svg+xml;base64,PHN2ZyB3aWR0aD0iMSIgaGVpZ2h0PSIxIiB4bWxucz0iaHR0cDovL3d3dy53My5vcmcvMjAwMC9zdmciPjwvc3ZnPg==\" style=\"--smush-placeholder-width: 945px; --smush-placeholder-aspect-ratio: 945\/630;\" \/><\/figure>\n\n\n\n<figure class=\"wp-block-image size-full\"><img decoding=\"async\" width=\"945\" height=\"630\" data-attachment-id=\"105593\" data-permalink=\"https:\/\/eldiariodesanpedro.com.ar\/sitio\/acto-oficial-por-el-40o-aniversario-del-veterano-y-de-los-caidos-en-la-guerra-de-malvinas\/whatsapp-image-2022-04-02-at-3-29-01-pm\/\" data-orig-file=\"https:\/\/eldiariodesanpedro.com.ar\/sitio\/wp-content\/uploads\/2022\/04\/WhatsApp-Image-2022-04-02-at-3.29.01-PM.jpeg\" data-orig-size=\"945,630\" data-comments-opened=\"0\" data-image-meta=\"{&quot;aperture&quot;:&quot;0&quot;,&quot;credit&quot;:&quot;&quot;,&quot;camera&quot;:&quot;&quot;,&quot;caption&quot;:&quot;&quot;,&quot;created_timestamp&quot;:&quot;0&quot;,&quot;copyright&quot;:&quot;&quot;,&quot;focal_length&quot;:&quot;0&quot;,&quot;iso&quot;:&quot;0&quot;,&quot;shutter_speed&quot;:&quot;0&quot;,&quot;title&quot;:&quot;&quot;,&quot;orientation&quot;:&quot;0&quot;}\" data-image-title=\"WhatsApp Image 2022-04-02 at 3.29.01 PM\" data-image-description=\"\" data-image-caption=\"\" data-large-file=\"https:\/\/eldiariodesanpedro.com.ar\/sitio\/wp-content\/uploads\/2022\/04\/WhatsApp-Image-2022-04-02-at-3.29.01-PM.jpeg\" data-src=\"https:\/\/eldiariodesanpedro.com.ar\/sitio\/wp-content\/uploads\/2022\/04\/WhatsApp-Image-2022-04-02-at-3.29.01-PM.jpeg\" alt=\"\" class=\"wp-image-105593 lazyload\" data-srcset=\"https:\/\/eldiariodesanpedro.com.ar\/sitio\/wp-content\/uploads\/2022\/04\/WhatsApp-Image-2022-04-02-at-3.29.01-PM.jpeg 945w, https:\/\/eldiariodesanpedro.com.ar\/sitio\/wp-content\/uploads\/2022\/04\/WhatsApp-Image-2022-04-02-at-3.29.01-PM-300x200.jpeg 300w, https:\/\/eldiariodesanpedro.com.ar\/sitio\/wp-content\/uploads\/2022\/04\/WhatsApp-Image-2022-04-02-at-3.29.01-PM-768x512.jpeg 768w\" data-sizes=\"(max-width: 945px) 100vw, 945px\" src=\"data:image\/svg+xml;base64,PHN2ZyB3aWR0aD0iMSIgaGVpZ2h0PSIxIiB4bWxucz0iaHR0cDovL3d3dy53My5vcmcvMjAwMC9zdmciPjwvc3ZnPg==\" style=\"--smush-placeholder-width: 945px; --smush-placeholder-aspect-ratio: 945\/630;\" \/><\/figure>\n","protected":false},"excerpt":{"rendered":"<p>En el monumento que homenajea a los Ca\u00eddos y Veteranos de Malvinas y a 40 a\u00f1os del inicio de la guerra, la Municipalidad, el Honorable Concejo Deliberante y la Asociaci\u00f3n Sampedrina de Veteranos de Guerra organizaron un acto al pie de las barrancas y con la presencia de ex combatientes, familiares, funcionarios y representantes de [&hellip;]<\/p>\n","protected":false},"author":4,"featured_media":105594,"comment_status":"closed","ping_status":"closed","sticky":false,"template":"","format":"standard","meta":{"om_disable_all_campaigns":false,"_jetpack_memberships_contains_paid_content":false,"footnotes":""},"categories":[50,101,2],"tags":[197,696,33,19],"class_list":["post-105592","post","type-post","status-publish","format-standard","has-post-thumbnail","hentry","category-destacadas","category-interes-general-locales","category-locales","tag-buenos-aires","tag-interes-general","tag-locales","tag-san-pedro"],"aioseo_notices":[],"gutentor_comment":0,"jetpack_featured_media_url":"https:\/\/eldiariodesanpedro.com.ar\/sitio\/wp-content\/uploads\/2022\/04\/WhatsApp-Image-2022-04-02-at-3.29.08-PM-1.jpeg","jetpack_shortlink":"https:\/\/wp.me\/p6RhLt-rt6","jetpack_sharing_enabled":true,"_links":{"self":[{"href":"https:\/\/eldiariodesanpedro.com.ar\/sitio\/wp-json\/wp\/v2\/posts\/105592","targetHints":{"allow":["GET"]}}],"collection":[{"href":"https:\/\/eldiariodesanpedro.com.ar\/sitio\/wp-json\/wp\/v2\/posts"}],"about":[{"href":"https:\/\/eldiariodesanpedro.com.ar\/sitio\/wp-json\/wp\/v2\/types\/post"}],"author":[{"embeddable":true,"href":"https:\/\/eldiariodesanpedro.com.ar\/sitio\/wp-json\/wp\/v2\/users\/4"}],"replies":[{"embeddable":true,"href":"https:\/\/eldiariodesanpedro.com.ar\/sitio\/wp-json\/wp\/v2\/comments?post=105592"}],"version-history":[{"count":1,"href":"https:\/\/eldiariodesanpedro.com.ar\/sitio\/wp-json\/wp\/v2\/posts\/105592\/revisions"}],"predecessor-version":[{"id":105599,"href":"https:\/\/eldiariodesanpedro.com.ar\/sitio\/wp-json\/wp\/v2\/posts\/105592\/revisions\/105599"}],"wp:featuredmedia":[{"embeddable":true,"href":"https:\/\/eldiariodesanpedro.com.ar\/sitio\/wp-json\/wp\/v2\/media\/105594"}],"wp:attachment":[{"href":"https:\/\/eldiariodesanpedro.com.ar\/sitio\/wp-json\/wp\/v2\/media?parent=105592"}],"wp:term":[{"taxonomy":"category","embeddable":true,"href":"https:\/\/eldiariodesanpedro.com.ar\/sitio\/wp-json\/wp\/v2\/categories?post=105592"},{"taxonomy":"post_tag","embeddable":true,"href":"https:\/\/eldiariodesanpedro.com.ar\/sitio\/wp-json\/wp\/v2\/tags?post=105592"}],"curies":[{"name":"wp","href":"https:\/\/api.w.org\/{rel}","templated":true}]}}