{"id":105586,"date":"2022-04-02T18:38:28","date_gmt":"2022-04-02T21:38:28","guid":{"rendered":"https:\/\/eldiariodesanpedro.com.ar\/sitio\/?p=105586"},"modified":"2022-04-02T18:38:29","modified_gmt":"2022-04-02T21:38:29","slug":"el-intendente-visito-el-centro-cultural-abelardo-castillo-en-el-marco-de-los-festejos-por-su-tercer-aniversario","status":"publish","type":"post","link":"https:\/\/eldiariodesanpedro.com.ar\/sitio\/el-intendente-visito-el-centro-cultural-abelardo-castillo-en-el-marco-de-los-festejos-por-su-tercer-aniversario\/","title":{"rendered":"El Intendente visit\u00f3 el Centro Cultural Abelardo Castillo en el marco de los festejos por su tercer aniversario"},"content":{"rendered":"<!-- VideographyWP Plugin Message: Automatic video embedding prevented by plugin options. -->\n\n<p>Contin\u00faan las actividades en el marco del tercer aniversario del Centro Cultural Ubicado en 25 de mayo 848 en una jornada llena de propuestas y atractivos para todas las edades.<\/p>\n\n\n\n<p>Este viernes, durante la visita que realizaron los estudiantes del turno ma\u00f1ana de la Escuela Primaria N\u00b0 6 fueron sorprendidos por la presencia del Intendente Municipal Dr. Ram\u00f3n Salazar, quien particip\u00f3 de la charla que realizaba el artista sampedrino Jorge \u201cCoqui\u201d L\u00f3pez para los alumnos y alumnas que observaron atentos un video de la realizaci\u00f3n del \u00faltimo trabajo del artista en homenaje a Diego Armando Maradona.<\/p>\n\n\n\n<p>El Dr. Salazar se mostr\u00f3 satisfecho por las actividades que se vienen desarrollando durante los festejos y record\u00f3 la iniciativa del ex Intendente y miembro del directorio de Trenes Argentinos Carga Cecilio Salazar para que la ciudad cuente con un lugar para los artistas.<\/p>\n\n\n\n<p>\u201cSon tres a\u00f1os desde que se inaugur\u00f3 el centro cultural y la verdad es que estamos muy orgullosos\u201d. Recordando que \u201chasta ajedrez hemos hecho, porque he venido a jugar con los chicos en su momento\u201d.<\/p>\n\n\n\n<p>Adem\u00e1s de la Escuela Primaria N\u00b0 6, que realizar\u00e1 una visita en la tarde con un nuevo grupo de estudiantes junto a la instituci\u00f3n SADIV, participaron los chicos y chicas que participan del Programa Envi\u00f3n Canaletas y Envi\u00f3n Depietri, la Casa del Ni\u00f1o Paula Albarrac\u00edn y del Instituto Sarmiento, a quienes se les mostraron las diferentes realizaciones de los artistas locales que se encuentran en exposici\u00f3n, un video institucional respecto del Centro Cultural, realizaron dibujos y se les ofreci\u00f3 un refrigerio para compartir en el lugar.<\/p>\n\n\n\n<p>En la continuidad de los festejos, a partir de las 17 hs de este viernes se presentar\u00e1n los grupos musicales Epifan\u00eda y Lautaro Monz\u00f3n. Tambi\u00e9n se realizar\u00e1 a las 21.30 hs. la obra de teatro Lombrices.<\/p>\n\n\n\n<figure class=\"wp-block-image size-full\"><img decoding=\"async\" width=\"945\" height=\"630\" data-attachment-id=\"105587\" data-permalink=\"https:\/\/eldiariodesanpedro.com.ar\/sitio\/el-intendente-visito-el-centro-cultural-abelardo-castillo-en-el-marco-de-los-festejos-por-su-tercer-aniversario\/whatsapp-image-2022-04-01-at-1-40-08-pm-1\/\" data-orig-file=\"https:\/\/eldiariodesanpedro.com.ar\/sitio\/wp-content\/uploads\/2022\/04\/WhatsApp-Image-2022-04-01-at-1.40.08-PM-1.jpeg\" data-orig-size=\"945,630\" data-comments-opened=\"0\" data-image-meta=\"{&quot;aperture&quot;:&quot;0&quot;,&quot;credit&quot;:&quot;&quot;,&quot;camera&quot;:&quot;&quot;,&quot;caption&quot;:&quot;&quot;,&quot;created_timestamp&quot;:&quot;0&quot;,&quot;copyright&quot;:&quot;&quot;,&quot;focal_length&quot;:&quot;0&quot;,&quot;iso&quot;:&quot;0&quot;,&quot;shutter_speed&quot;:&quot;0&quot;,&quot;title&quot;:&quot;&quot;,&quot;orientation&quot;:&quot;0&quot;}\" data-image-title=\"WhatsApp Image 2022-04-01 at 1.40.08 PM (1)\" data-image-description=\"\" data-image-caption=\"\" data-large-file=\"https:\/\/eldiariodesanpedro.com.ar\/sitio\/wp-content\/uploads\/2022\/04\/WhatsApp-Image-2022-04-01-at-1.40.08-PM-1.jpeg\" data-src=\"https:\/\/eldiariodesanpedro.com.ar\/sitio\/wp-content\/uploads\/2022\/04\/WhatsApp-Image-2022-04-01-at-1.40.08-PM-1.jpeg\" alt=\"\" class=\"wp-image-105587 lazyload\" data-srcset=\"https:\/\/eldiariodesanpedro.com.ar\/sitio\/wp-content\/uploads\/2022\/04\/WhatsApp-Image-2022-04-01-at-1.40.08-PM-1.jpeg 945w, https:\/\/eldiariodesanpedro.com.ar\/sitio\/wp-content\/uploads\/2022\/04\/WhatsApp-Image-2022-04-01-at-1.40.08-PM-1-300x200.jpeg 300w, https:\/\/eldiariodesanpedro.com.ar\/sitio\/wp-content\/uploads\/2022\/04\/WhatsApp-Image-2022-04-01-at-1.40.08-PM-1-768x512.jpeg 768w\" data-sizes=\"(max-width: 945px) 100vw, 945px\" src=\"data:image\/svg+xml;base64,PHN2ZyB3aWR0aD0iMSIgaGVpZ2h0PSIxIiB4bWxucz0iaHR0cDovL3d3dy53My5vcmcvMjAwMC9zdmciPjwvc3ZnPg==\" style=\"--smush-placeholder-width: 945px; --smush-placeholder-aspect-ratio: 945\/630;\" \/><\/figure>\n\n\n\n<figure class=\"wp-block-image size-full\"><img decoding=\"async\" width=\"945\" height=\"630\" data-attachment-id=\"105590\" data-permalink=\"https:\/\/eldiariodesanpedro.com.ar\/sitio\/el-intendente-visito-el-centro-cultural-abelardo-castillo-en-el-marco-de-los-festejos-por-su-tercer-aniversario\/whatsapp-image-2022-04-01-at-1-40-10-pm\/\" data-orig-file=\"https:\/\/eldiariodesanpedro.com.ar\/sitio\/wp-content\/uploads\/2022\/04\/WhatsApp-Image-2022-04-01-at-1.40.10-PM.jpeg\" data-orig-size=\"945,630\" data-comments-opened=\"0\" data-image-meta=\"{&quot;aperture&quot;:&quot;0&quot;,&quot;credit&quot;:&quot;&quot;,&quot;camera&quot;:&quot;&quot;,&quot;caption&quot;:&quot;&quot;,&quot;created_timestamp&quot;:&quot;0&quot;,&quot;copyright&quot;:&quot;&quot;,&quot;focal_length&quot;:&quot;0&quot;,&quot;iso&quot;:&quot;0&quot;,&quot;shutter_speed&quot;:&quot;0&quot;,&quot;title&quot;:&quot;&quot;,&quot;orientation&quot;:&quot;0&quot;}\" data-image-title=\"WhatsApp Image 2022-04-01 at 1.40.10 PM\" data-image-description=\"\" data-image-caption=\"\" data-large-file=\"https:\/\/eldiariodesanpedro.com.ar\/sitio\/wp-content\/uploads\/2022\/04\/WhatsApp-Image-2022-04-01-at-1.40.10-PM.jpeg\" data-src=\"https:\/\/eldiariodesanpedro.com.ar\/sitio\/wp-content\/uploads\/2022\/04\/WhatsApp-Image-2022-04-01-at-1.40.10-PM.jpeg\" alt=\"\" class=\"wp-image-105590 lazyload\" data-srcset=\"https:\/\/eldiariodesanpedro.com.ar\/sitio\/wp-content\/uploads\/2022\/04\/WhatsApp-Image-2022-04-01-at-1.40.10-PM.jpeg 945w, https:\/\/eldiariodesanpedro.com.ar\/sitio\/wp-content\/uploads\/2022\/04\/WhatsApp-Image-2022-04-01-at-1.40.10-PM-300x200.jpeg 300w, https:\/\/eldiariodesanpedro.com.ar\/sitio\/wp-content\/uploads\/2022\/04\/WhatsApp-Image-2022-04-01-at-1.40.10-PM-768x512.jpeg 768w\" data-sizes=\"(max-width: 945px) 100vw, 945px\" src=\"data:image\/svg+xml;base64,PHN2ZyB3aWR0aD0iMSIgaGVpZ2h0PSIxIiB4bWxucz0iaHR0cDovL3d3dy53My5vcmcvMjAwMC9zdmciPjwvc3ZnPg==\" style=\"--smush-placeholder-width: 945px; --smush-placeholder-aspect-ratio: 945\/630;\" \/><\/figure>\n","protected":false},"excerpt":{"rendered":"<p>Contin\u00faan las actividades en el marco del tercer aniversario del Centro Cultural Ubicado en 25 de mayo 848 en una jornada llena de propuestas y atractivos para todas las edades. Este viernes, durante la visita que realizaron los estudiantes del turno ma\u00f1ana de la Escuela Primaria N\u00b0 6 fueron sorprendidos por la presencia del Intendente [&hellip;]<\/p>\n","protected":false},"author":4,"featured_media":105588,"comment_status":"closed","ping_status":"closed","sticky":false,"template":"","format":"standard","meta":{"om_disable_all_campaigns":false,"_jetpack_memberships_contains_paid_content":false,"footnotes":""},"categories":[50,101,2],"tags":[197,696,33,19],"class_list":["post-105586","post","type-post","status-publish","format-standard","has-post-thumbnail","hentry","category-destacadas","category-interes-general-locales","category-locales","tag-buenos-aires","tag-interes-general","tag-locales","tag-san-pedro"],"aioseo_notices":[],"gutentor_comment":0,"jetpack_featured_media_url":"https:\/\/eldiariodesanpedro.com.ar\/sitio\/wp-content\/uploads\/2022\/04\/WhatsApp-Image-2022-04-01-at-1.40.08-PM.jpeg","jetpack_shortlink":"https:\/\/wp.me\/p6RhLt-rt0","jetpack_sharing_enabled":true,"_links":{"self":[{"href":"https:\/\/eldiariodesanpedro.com.ar\/sitio\/wp-json\/wp\/v2\/posts\/105586","targetHints":{"allow":["GET"]}}],"collection":[{"href":"https:\/\/eldiariodesanpedro.com.ar\/sitio\/wp-json\/wp\/v2\/posts"}],"about":[{"href":"https:\/\/eldiariodesanpedro.com.ar\/sitio\/wp-json\/wp\/v2\/types\/post"}],"author":[{"embeddable":true,"href":"https:\/\/eldiariodesanpedro.com.ar\/sitio\/wp-json\/wp\/v2\/users\/4"}],"replies":[{"embeddable":true,"href":"https:\/\/eldiariodesanpedro.com.ar\/sitio\/wp-json\/wp\/v2\/comments?post=105586"}],"version-history":[{"count":1,"href":"https:\/\/eldiariodesanpedro.com.ar\/sitio\/wp-json\/wp\/v2\/posts\/105586\/revisions"}],"predecessor-version":[{"id":105591,"href":"https:\/\/eldiariodesanpedro.com.ar\/sitio\/wp-json\/wp\/v2\/posts\/105586\/revisions\/105591"}],"wp:featuredmedia":[{"embeddable":true,"href":"https:\/\/eldiariodesanpedro.com.ar\/sitio\/wp-json\/wp\/v2\/media\/105588"}],"wp:attachment":[{"href":"https:\/\/eldiariodesanpedro.com.ar\/sitio\/wp-json\/wp\/v2\/media?parent=105586"}],"wp:term":[{"taxonomy":"category","embeddable":true,"href":"https:\/\/eldiariodesanpedro.com.ar\/sitio\/wp-json\/wp\/v2\/categories?post=105586"},{"taxonomy":"post_tag","embeddable":true,"href":"https:\/\/eldiariodesanpedro.com.ar\/sitio\/wp-json\/wp\/v2\/tags?post=105586"}],"curies":[{"name":"wp","href":"https:\/\/api.w.org\/{rel}","templated":true}]}}