{"id":105582,"date":"2022-04-02T18:33:51","date_gmt":"2022-04-02T21:33:51","guid":{"rendered":"https:\/\/eldiariodesanpedro.com.ar\/sitio\/?p=105582"},"modified":"2022-04-02T18:33:52","modified_gmt":"2022-04-02T21:33:52","slug":"san-pedro-asumio-la-presidencia-del-colegio-de-martilleros-de-san-nicolas","status":"publish","type":"post","link":"https:\/\/eldiariodesanpedro.com.ar\/sitio\/san-pedro-asumio-la-presidencia-del-colegio-de-martilleros-de-san-nicolas\/","title":{"rendered":"San Pedro asumi\u00f3 la presidencia del Colegio de Martilleros de San Nicol\u00e1s"},"content":{"rendered":"<!-- VideographyWP Plugin Message: Automatic video embedding prevented by plugin options. -->\n\n<p>Se concret\u00f3 conforme a lo dispuesto, la Asamblea Anual Ordinaria del Colegio de Martilleros y Corredores P\u00fablicos del Departamento Judicial San Nicol\u00e1s, dentro del cual participa la C\u00e1mara de Martilleros y Corredores P\u00fablicos de San Pedro y que re\u00fane a representantes de San Nicol\u00e1s, Ramallo, Villa Ramallo, P\u00e9rez Mill\u00e1n, Arrecifes, Baradero y Capit\u00e1n Sarmiento.<\/p>\n\n\n\n<p>Adem\u00e1s de cumplir con los puntos establecidos en el Orden del D\u00eda con relaci\u00f3n a la revisi\u00f3n de los temas previstos, se renovaron las autoridades y el sampedrino&nbsp;<em><strong>Jos\u00e9 Enrique Cremona&nbsp;<\/strong><\/em>fue elegido como presidente del Colegio el pr\u00f3ximo per\u00edodo de 4 a\u00f1os, (2022-2026).<\/p>\n\n\n\n<p>La presencia de representantes del Colegio en diferentes puestos del Consejo Directivo y la presidencia a cargo de uno de los profesionales con mayor trayectoria dentro de la actividad es un reconocimiento para la tarea que se viene realizando desde hace tiempo y un est\u00edmulo para las iniciativas que nuestro sector pretende reinstalar en la agenda p\u00fablica y privada para que se trabaje de manera conjunta en el impulso a las inversiones en la regi\u00f3n y en generar mejores condiciones para estas actividades.<\/p>\n\n\n\n<p>Adem\u00e1s se renovaron los integrantes del Tribunal de Disciplina que cuenta la entidad y en el que tambi\u00e9n participan miembros de nuestra c\u00e1mara.<\/p>\n\n\n\n<p><strong>La conformaci\u00f3n del nuevo Consejo Directivo es la siguiente:<br><\/strong>Presidente: Jos\u00e9 Enrique Cremona<br>Vicepresidente 1\u00ba: Julio Luis S. Ottella<br>Vicepresidente 2\u00ba: Marcelo Daniel Deppeler<br>Secretario General: Leone Mariela In\u00e9s<br>Pro-Secretario: N\u00e9lida Beatriz Maiztegui<br>Tesorero: Gustavo Javier Gonz\u00e1lez Truyols<br>Pro-Tesorero: Mar\u00eda Evangelina E. Matti<br>Secretario de Actas: Pedro Daniel Navin\u00e9s<br>Vocal Titular 1\u00ba: Beatriz Noem\u00ed Castegnaro de Pajor<br>Vocal titular 2\u00ba: Sandra Beatriz L. Cruz<br>Vocal Titular 3\u00ba: Arturo C\u00e9sar L\u00fagaro<br>Vocal Titular 4\u00ba: Santiago David Gait\u00e1n<br>Vocal Titular &nbsp;5\u00ba: Jos\u00e9 Enrique Arnaldi<br>Vocal Suplente 1\u00ba:Sergio Daniel Churruar\u00edn<br>Vocal Suplente 2\u00ba: Eugenio &nbsp;Chitarroni<br>Vocal Suplente 3\u00ba: Fernando Diego Risso<br>Vocal Suplente 4\u00ba: Marcelo Ra\u00fal Broin<br>Vocal Suplente 5\u00ba: Mar\u00eda Marta Hidalgo<\/p>\n","protected":false},"excerpt":{"rendered":"<p>Se concret\u00f3 conforme a lo dispuesto, la Asamblea Anual Ordinaria del Colegio de Martilleros y Corredores P\u00fablicos del Departamento Judicial San Nicol\u00e1s, dentro del cual participa la C\u00e1mara de Martilleros y Corredores P\u00fablicos de San Pedro y que re\u00fane a representantes de San Nicol\u00e1s, Ramallo, Villa Ramallo, P\u00e9rez Mill\u00e1n, Arrecifes, Baradero y Capit\u00e1n Sarmiento. Adem\u00e1s [&hellip;]<\/p>\n","protected":false},"author":4,"featured_media":105583,"comment_status":"closed","ping_status":"closed","sticky":false,"template":"","format":"standard","meta":{"om_disable_all_campaigns":false,"_jetpack_memberships_contains_paid_content":false,"footnotes":""},"categories":[50,101,2],"tags":[197,696,33,19],"class_list":["post-105582","post","type-post","status-publish","format-standard","has-post-thumbnail","hentry","category-destacadas","category-interes-general-locales","category-locales","tag-buenos-aires","tag-interes-general","tag-locales","tag-san-pedro"],"aioseo_notices":[],"gutentor_comment":0,"jetpack_featured_media_url":"https:\/\/eldiariodesanpedro.com.ar\/sitio\/wp-content\/uploads\/2022\/04\/ASAMBLEA-SAN-NICOLAS-1.jpeg","jetpack_shortlink":"https:\/\/wp.me\/p6RhLt-rsW","jetpack_sharing_enabled":true,"_links":{"self":[{"href":"https:\/\/eldiariodesanpedro.com.ar\/sitio\/wp-json\/wp\/v2\/posts\/105582","targetHints":{"allow":["GET"]}}],"collection":[{"href":"https:\/\/eldiariodesanpedro.com.ar\/sitio\/wp-json\/wp\/v2\/posts"}],"about":[{"href":"https:\/\/eldiariodesanpedro.com.ar\/sitio\/wp-json\/wp\/v2\/types\/post"}],"author":[{"embeddable":true,"href":"https:\/\/eldiariodesanpedro.com.ar\/sitio\/wp-json\/wp\/v2\/users\/4"}],"replies":[{"embeddable":true,"href":"https:\/\/eldiariodesanpedro.com.ar\/sitio\/wp-json\/wp\/v2\/comments?post=105582"}],"version-history":[{"count":1,"href":"https:\/\/eldiariodesanpedro.com.ar\/sitio\/wp-json\/wp\/v2\/posts\/105582\/revisions"}],"predecessor-version":[{"id":105585,"href":"https:\/\/eldiariodesanpedro.com.ar\/sitio\/wp-json\/wp\/v2\/posts\/105582\/revisions\/105585"}],"wp:featuredmedia":[{"embeddable":true,"href":"https:\/\/eldiariodesanpedro.com.ar\/sitio\/wp-json\/wp\/v2\/media\/105583"}],"wp:attachment":[{"href":"https:\/\/eldiariodesanpedro.com.ar\/sitio\/wp-json\/wp\/v2\/media?parent=105582"}],"wp:term":[{"taxonomy":"category","embeddable":true,"href":"https:\/\/eldiariodesanpedro.com.ar\/sitio\/wp-json\/wp\/v2\/categories?post=105582"},{"taxonomy":"post_tag","embeddable":true,"href":"https:\/\/eldiariodesanpedro.com.ar\/sitio\/wp-json\/wp\/v2\/tags?post=105582"}],"curies":[{"name":"wp","href":"https:\/\/api.w.org\/{rel}","templated":true}]}}