{"id":105579,"date":"2022-04-01T20:43:14","date_gmt":"2022-04-01T23:43:14","guid":{"rendered":"https:\/\/eldiariodesanpedro.com.ar\/sitio\/?p=105579"},"modified":"2022-04-01T20:43:15","modified_gmt":"2022-04-01T23:43:15","slug":"edicto-de-prescripcion-adquisitiva-de-jose-hugo-angel-pozzi","status":"publish","type":"post","link":"https:\/\/eldiariodesanpedro.com.ar\/sitio\/edicto-de-prescripcion-adquisitiva-de-jose-hugo-angel-pozzi\/","title":{"rendered":"Edicto de Prescripci\u00f3n Adquisitiva de Jose Hugo Angel Pozzi"},"content":{"rendered":"<!-- VideographyWP Plugin Message: Automatic video embedding prevented by plugin options. -->\n\n<p>El juzgado de Paz Letrado de San Pedro, Secretar\u00eda \u00danica del Departamento Judicial de San Nicol\u00e1s cita a <strong>Jose Hugo Angel Pozzi<\/strong> y\/o quienes se consideren con derechos al inmueble que se intenta prescribir sito en calle BALCARCE 480 de la ciudad de San Pedro (Datos Catastrales Partida 099 -10560, Matr\u00edcula 15067. NC: C. 1, Sec. B, Mza 169, Parc 1d), para que dentro del plazo de diez d\u00edas comparezcan a estos autos a estar a derecho bajo apercibimiento de que si no lo hiciere se nombrar\u00e1 Defensor Oficial para que los represente (arts. 681 y 682 C.P.C.C). San Pedro, 01 de abril de 2022<\/p>\n\n\n\n<p>FACUNDO VELL\u00d3N<br>ABOGADO SECRETARIO<\/p>\n\n\n\n<p>(Publicaci\u00f3n V\u00e1lida por los d\u00edas 01 y 02 de Abril de 2022)<br><a href=\"https:\/\/notificaciones.scba.gov.ar\/verificarnotificacion.aspx?codNotif=AM5DU9WZ23EP\">https:\/\/notificaciones.scba.gov.ar\/verificarnotificacion.aspx?codNotif=AM5DU9WZ23EP<\/a><\/p>\n","protected":false},"excerpt":{"rendered":"<p>El juzgado de Paz Letrado de San Pedro, Secretar\u00eda \u00danica del Departamento Judicial de San Nicol\u00e1s cita a Jose Hugo Angel Pozzi y\/o quienes se consideren con derechos al inmueble que se intenta prescribir sito en calle BALCARCE 480 de la ciudad de San Pedro (Datos Catastrales Partida 099 -10560, Matr\u00edcula 15067. NC: C. 1, [&hellip;]<\/p>\n","protected":false},"author":4,"featured_media":81115,"comment_status":"closed","ping_status":"closed","sticky":false,"template":"","format":"standard","meta":{"om_disable_all_campaigns":false,"_jetpack_memberships_contains_paid_content":false,"footnotes":""},"categories":[676,1124],"tags":[197,1121,2815,1355,19],"class_list":["post-105579","post","type-post","status-publish","format-standard","has-post-thumbnail","hentry","category-edictos","category-edictos-especiales","tag-buenos-aires","tag-edicto","tag-jose-hugo-angel-pozzi","tag-judiciales","tag-san-pedro"],"aioseo_notices":[],"gutentor_comment":0,"jetpack_featured_media_url":"https:\/\/eldiariodesanpedro.com.ar\/sitio\/wp-content\/uploads\/2020\/09\/Poder-Judicial.jpg","jetpack_shortlink":"https:\/\/wp.me\/p6RhLt-rsT","jetpack_sharing_enabled":true,"_links":{"self":[{"href":"https:\/\/eldiariodesanpedro.com.ar\/sitio\/wp-json\/wp\/v2\/posts\/105579","targetHints":{"allow":["GET"]}}],"collection":[{"href":"https:\/\/eldiariodesanpedro.com.ar\/sitio\/wp-json\/wp\/v2\/posts"}],"about":[{"href":"https:\/\/eldiariodesanpedro.com.ar\/sitio\/wp-json\/wp\/v2\/types\/post"}],"author":[{"embeddable":true,"href":"https:\/\/eldiariodesanpedro.com.ar\/sitio\/wp-json\/wp\/v2\/users\/4"}],"replies":[{"embeddable":true,"href":"https:\/\/eldiariodesanpedro.com.ar\/sitio\/wp-json\/wp\/v2\/comments?post=105579"}],"version-history":[{"count":1,"href":"https:\/\/eldiariodesanpedro.com.ar\/sitio\/wp-json\/wp\/v2\/posts\/105579\/revisions"}],"predecessor-version":[{"id":105580,"href":"https:\/\/eldiariodesanpedro.com.ar\/sitio\/wp-json\/wp\/v2\/posts\/105579\/revisions\/105580"}],"wp:featuredmedia":[{"embeddable":true,"href":"https:\/\/eldiariodesanpedro.com.ar\/sitio\/wp-json\/wp\/v2\/media\/81115"}],"wp:attachment":[{"href":"https:\/\/eldiariodesanpedro.com.ar\/sitio\/wp-json\/wp\/v2\/media?parent=105579"}],"wp:term":[{"taxonomy":"category","embeddable":true,"href":"https:\/\/eldiariodesanpedro.com.ar\/sitio\/wp-json\/wp\/v2\/categories?post=105579"},{"taxonomy":"post_tag","embeddable":true,"href":"https:\/\/eldiariodesanpedro.com.ar\/sitio\/wp-json\/wp\/v2\/tags?post=105579"}],"curies":[{"name":"wp","href":"https:\/\/api.w.org\/{rel}","templated":true}]}}