{"id":105577,"date":"2022-04-01T20:33:06","date_gmt":"2022-04-01T23:33:06","guid":{"rendered":"https:\/\/eldiariodesanpedro.com.ar\/sitio\/?p=105577"},"modified":"2022-04-01T20:33:07","modified_gmt":"2022-04-01T23:33:07","slug":"edicto-de-arrendamiento-lote-cementerio-de-baradero-de-raul-esteban-vergara","status":"publish","type":"post","link":"https:\/\/eldiariodesanpedro.com.ar\/sitio\/edicto-de-arrendamiento-lote-cementerio-de-baradero-de-raul-esteban-vergara\/","title":{"rendered":"Edicto de Arrendamiento Lote Cementerio de Baradero de Ra\u00fal Esteban Vergara"},"content":{"rendered":"<!-- VideographyWP Plugin Message: Automatic video embedding prevented by plugin options. -->\n\n<p>La Municipalidad de Baradero cita y emplaza por treinta (30) d\u00edas a quienes se consideren con derecho sobre el terreno para Sepulcro ubicado en la secci\u00f3n 1, Lote 139, transferido a favor de Ra\u00fal Esteban Vergara, seg\u00fan libro 14 Folio 131 Cta. 1900000972.-<\/p>\n\n\n\n<p>DR. NESTOR GERMAN BRAILLARO<br>SUBSECRETARIO DE LEGAL Y T\u00c9CNICA<\/p>\n\n\n\n<p>(Publicaci\u00f3n V\u00e1lida por el d\u00eda 01 de Abril de 2022)<\/p>\n","protected":false},"excerpt":{"rendered":"<p>La Municipalidad de Baradero cita y emplaza por treinta (30) d\u00edas a quienes se consideren con derecho sobre el terreno para Sepulcro ubicado en la secci\u00f3n 1, Lote 139, transferido a favor de Ra\u00fal Esteban Vergara, seg\u00fan libro 14 Folio 131 Cta. 1900000972.- DR. NESTOR GERMAN BRAILLAROSUBSECRETARIO DE LEGAL Y T\u00c9CNICA (Publicaci\u00f3n V\u00e1lida por el [&hellip;]<\/p>\n","protected":false},"author":4,"featured_media":102746,"comment_status":"closed","ping_status":"closed","sticky":false,"template":"","format":"standard","meta":{"om_disable_all_campaigns":false,"_jetpack_memberships_contains_paid_content":false,"footnotes":""},"categories":[676,1124],"tags":[197,1121,1355,19],"class_list":["post-105577","post","type-post","status-publish","format-standard","has-post-thumbnail","hentry","category-edictos","category-edictos-especiales","tag-buenos-aires","tag-edicto","tag-judiciales","tag-san-pedro"],"aioseo_notices":[],"gutentor_comment":0,"jetpack_featured_media_url":"https:\/\/eldiariodesanpedro.com.ar\/sitio\/wp-content\/uploads\/2022\/01\/EDICTO.jpg","jetpack_shortlink":"https:\/\/wp.me\/p6RhLt-rsR","jetpack_sharing_enabled":true,"_links":{"self":[{"href":"https:\/\/eldiariodesanpedro.com.ar\/sitio\/wp-json\/wp\/v2\/posts\/105577","targetHints":{"allow":["GET"]}}],"collection":[{"href":"https:\/\/eldiariodesanpedro.com.ar\/sitio\/wp-json\/wp\/v2\/posts"}],"about":[{"href":"https:\/\/eldiariodesanpedro.com.ar\/sitio\/wp-json\/wp\/v2\/types\/post"}],"author":[{"embeddable":true,"href":"https:\/\/eldiariodesanpedro.com.ar\/sitio\/wp-json\/wp\/v2\/users\/4"}],"replies":[{"embeddable":true,"href":"https:\/\/eldiariodesanpedro.com.ar\/sitio\/wp-json\/wp\/v2\/comments?post=105577"}],"version-history":[{"count":1,"href":"https:\/\/eldiariodesanpedro.com.ar\/sitio\/wp-json\/wp\/v2\/posts\/105577\/revisions"}],"predecessor-version":[{"id":105578,"href":"https:\/\/eldiariodesanpedro.com.ar\/sitio\/wp-json\/wp\/v2\/posts\/105577\/revisions\/105578"}],"wp:featuredmedia":[{"embeddable":true,"href":"https:\/\/eldiariodesanpedro.com.ar\/sitio\/wp-json\/wp\/v2\/media\/102746"}],"wp:attachment":[{"href":"https:\/\/eldiariodesanpedro.com.ar\/sitio\/wp-json\/wp\/v2\/media?parent=105577"}],"wp:term":[{"taxonomy":"category","embeddable":true,"href":"https:\/\/eldiariodesanpedro.com.ar\/sitio\/wp-json\/wp\/v2\/categories?post=105577"},{"taxonomy":"post_tag","embeddable":true,"href":"https:\/\/eldiariodesanpedro.com.ar\/sitio\/wp-json\/wp\/v2\/tags?post=105577"}],"curies":[{"name":"wp","href":"https:\/\/api.w.org\/{rel}","templated":true}]}}