{"id":105572,"date":"2022-04-01T09:49:23","date_gmt":"2022-04-01T12:49:23","guid":{"rendered":"https:\/\/eldiariodesanpedro.com.ar\/sitio\/?p=105572"},"modified":"2022-04-01T09:49:24","modified_gmt":"2022-04-01T12:49:24","slug":"pablo-moyano-nadie-va-a-doblegar-a-nuestra-organizacion-sindical","status":"publish","type":"post","link":"https:\/\/eldiariodesanpedro.com.ar\/sitio\/pablo-moyano-nadie-va-a-doblegar-a-nuestra-organizacion-sindical\/","title":{"rendered":"Pablo Moyano: \u00abNadie va a doblegar a nuestra organizaci\u00f3n sindical\u00bb"},"content":{"rendered":"<!-- VideographyWP Plugin Message: Automatic video embedding prevented by plugin options. -->\n\n<p>El secretario adjunto del gremio de Camioneros, Pablo Moyano, estuvo en San Nicol\u00e1s en se\u00f1al de apoyo al titular de la Seccional local del sindicato, Maximiliano Cabaleyro; luego de que la Justicia librara una orden de detenci\u00f3n contra el nicole\u00f1o por haber liderado el bloqueo a la Empresa Rey de San Pedro en febrero de 2021.<\/p>\n\n\n\n<p>En conferencia de prensa, el concejal del Frente de Todos y Secretario Seccional del Sindicato de Choferes de Camioneros Maximiliano Cabaleyro agradeci\u00f3 el apoyo de la c\u00fapula del gremio, de sus compa\u00f1eros de bloque en el Concejo Deliberante y las muestras de solidaridad que recibi\u00f3 de parte de otros sindicalistas.<\/p>\n\n\n\n<p>Sostuvo que el pedido de detenci\u00f3n en su contras es \u00abap\u00f3crifo\u00bb y que se trata de un \u00abLowFare judicial, pol\u00edtico y period\u00edstico\u00bb.<\/p>\n\n\n\n<p>Por su parte, Pablo Moyano dijo que a Cabaleyro se lo acusa por \u00abluchar y defender a los trabajadores\u00bb. Adem\u00e1s carg\u00f3 contra la Justicia, el expresidente Mauricio Macri y contra algunos medios de comunicaci\u00f3n.<\/p>\n\n\n\n<p>Enfatiz\u00f3 que \u00abnadie va a doblegar nuestra asociaci\u00f3n sindical\u00bb y resalt\u00f3 que \u00abla Justicia est\u00e1 condicionada por la pol\u00edtica\u00bb.<\/p>\n\n\n\n<p>En tanto, Cabaleyro sostuvo que esta medida que intentan aplicar \u00abva contra los trabajadores y va contra el derecho constitucional que tienen los trabajadores de defender sus derechos\u00bb.<\/p>\n\n\n\n<p>Por el momento, las fuerzas de seguridad no efectivizaron la orden de detenci\u00f3n. En este sentido, remarcaron en declaraciones a la prensa local, que tal vez tampoco llegue a concretarse ya que se trata \u00abde causas armadas\u00bb.<\/p>\n\n\n\n<p>No obstante, todos coincidieron en que \u00abvamos a enfrentar lo que haya que enfrentar\u00bb. Y reclamaron a la Justicia que haga cumplir la promesa de la empresa Rey de San Pedro en cuanto a la reincorporaci\u00f3n de los seis trabajadores despedidos.<\/p>\n\n\n\n<p>Maximiliano Cabaleyro estuvo acompa\u00f1ado adem\u00e1s por su padre y exsecretario del sindicato local Julio Cabaleyro y por los concejales del Frente de Todos Cecilia Comerio, Pablo Primucci, Jos\u00e9 Corral y Muriel Engelbrecht.<\/p>\n","protected":false},"excerpt":{"rendered":"<p>El secretario adjunto del gremio de Camioneros, Pablo Moyano, estuvo en San Nicol\u00e1s en se\u00f1al de apoyo al titular de la Seccional local del sindicato, Maximiliano Cabaleyro; luego de que la Justicia librara una orden de detenci\u00f3n contra el nicole\u00f1o por haber liderado el bloqueo a la Empresa Rey de San Pedro en febrero de [&hellip;]<\/p>\n","protected":false},"author":4,"featured_media":105573,"comment_status":"closed","ping_status":"closed","sticky":false,"template":"","format":"standard","meta":{"om_disable_all_campaigns":false,"_jetpack_memberships_contains_paid_content":false,"footnotes":""},"categories":[50,101,2],"tags":[197,696,33,19],"class_list":["post-105572","post","type-post","status-publish","format-standard","has-post-thumbnail","hentry","category-destacadas","category-interes-general-locales","category-locales","tag-buenos-aires","tag-interes-general","tag-locales","tag-san-pedro"],"aioseo_notices":[],"gutentor_comment":0,"jetpack_featured_media_url":"https:\/\/eldiariodesanpedro.com.ar\/sitio\/wp-content\/uploads\/2022\/04\/no_y00y09uziz2u8bwee02f615_85cd_4893_8b12_ecc2b0d6c09d.jpg","jetpack_shortlink":"https:\/\/wp.me\/p6RhLt-rsM","jetpack_sharing_enabled":true,"_links":{"self":[{"href":"https:\/\/eldiariodesanpedro.com.ar\/sitio\/wp-json\/wp\/v2\/posts\/105572","targetHints":{"allow":["GET"]}}],"collection":[{"href":"https:\/\/eldiariodesanpedro.com.ar\/sitio\/wp-json\/wp\/v2\/posts"}],"about":[{"href":"https:\/\/eldiariodesanpedro.com.ar\/sitio\/wp-json\/wp\/v2\/types\/post"}],"author":[{"embeddable":true,"href":"https:\/\/eldiariodesanpedro.com.ar\/sitio\/wp-json\/wp\/v2\/users\/4"}],"replies":[{"embeddable":true,"href":"https:\/\/eldiariodesanpedro.com.ar\/sitio\/wp-json\/wp\/v2\/comments?post=105572"}],"version-history":[{"count":1,"href":"https:\/\/eldiariodesanpedro.com.ar\/sitio\/wp-json\/wp\/v2\/posts\/105572\/revisions"}],"predecessor-version":[{"id":105574,"href":"https:\/\/eldiariodesanpedro.com.ar\/sitio\/wp-json\/wp\/v2\/posts\/105572\/revisions\/105574"}],"wp:featuredmedia":[{"embeddable":true,"href":"https:\/\/eldiariodesanpedro.com.ar\/sitio\/wp-json\/wp\/v2\/media\/105573"}],"wp:attachment":[{"href":"https:\/\/eldiariodesanpedro.com.ar\/sitio\/wp-json\/wp\/v2\/media?parent=105572"}],"wp:term":[{"taxonomy":"category","embeddable":true,"href":"https:\/\/eldiariodesanpedro.com.ar\/sitio\/wp-json\/wp\/v2\/categories?post=105572"},{"taxonomy":"post_tag","embeddable":true,"href":"https:\/\/eldiariodesanpedro.com.ar\/sitio\/wp-json\/wp\/v2\/tags?post=105572"}],"curies":[{"name":"wp","href":"https:\/\/api.w.org\/{rel}","templated":true}]}}