{"id":105566,"date":"2022-04-01T09:41:51","date_gmt":"2022-04-01T12:41:51","guid":{"rendered":"https:\/\/eldiariodesanpedro.com.ar\/sitio\/?p=105566"},"modified":"2022-04-01T09:41:51","modified_gmt":"2022-04-01T12:41:51","slug":"eliminan-el-distanciamiento-social-de-dos-metros%ef%bf%bc","status":"publish","type":"post","link":"https:\/\/eldiariodesanpedro.com.ar\/sitio\/eliminan-el-distanciamiento-social-de-dos-metros%ef%bf%bc\/","title":{"rendered":"Eliminan el distanciamiento social de dos metros\ufffc"},"content":{"rendered":"<!-- VideographyWP Plugin Message: Automatic video embedding prevented by plugin options. -->\n\n<p>El ministerio de Salud actualiz\u00f3 este viernes las medidas de prevenci\u00f3n contra el coronavirus y de otras enfermedades respiratorias, en una resoluci\u00f3n publicada en el Bolet\u00edn Oficial que deja \u00absin efecto el distanciamiento social de dos metros\u00bb e insta a \u00abcontinuar con el uso adecuado del barbijo en espacios interiores, incluyendo los \u00e1mbitos laborales, educativos, sociales y el transporte p\u00fablico\u00bb<\/p>\n\n\n\n<p>\u00abConsiderando la situaci\u00f3n epidemiol\u00f3gica, sanitaria y los avances de la campa\u00f1a de vacunaci\u00f3n, es menester actualizar las medidas generales para prevenir tanto la Covid-19 como otras infecciones respiratorias estacionales con el fin de proteger la salud p\u00fablica\u00bb, indica la Resoluci\u00f3n 705\/2022 firmada por la ministra Carla Vizzotti.<a><\/a><\/p>\n\n\n\n<p>Las medidas recomiendan tambi\u00e9n \u00abasegurar la ventilaci\u00f3n de los ambientes y mantener la higiene adecuada y frecuente de manos\u00bb.<\/p>\n\n\n\n<p>\u00abAnte la presencia de s\u00edntomas, evitar el contacto con otras personas, no acudir a actividades laborales, sociales, educativas, lugares p\u00fablicos y evitar el uso del transporte p\u00fablico\u00bb, se indica en el articulado de la normativa.<\/p>\n\n\n\n<p>Asimismo se deja \u00absin efecto\u00bb la \u00abobligatoriedad del autorreporte de s\u00edntomas en la aplicaci\u00f3n \u00abCuidar\u00bb dispuesta en el art\u00edculo 5\u00b0 de la Decisi\u00f3n Administrativa N\u00b01198\/21&#8243;.<\/p>\n\n\n\n<p>En tanto, \u00abpara determinar la modalidad de prestaci\u00f3n de servicios laborales -presencial o remota- de una persona, se recomienda la realizaci\u00f3n de una evaluaci\u00f3n m\u00e9dica de riesgo individual con su correspondiente certificaci\u00f3n, sin que sea suficiente su sola pertenencia a los grupos de riesgo previstos por el art\u00edculo 3\u00ba de la Resoluci\u00f3n Ministerial N\u00ba 627\/20\u00bb.<\/p>\n","protected":false},"excerpt":{"rendered":"<p>El ministerio de Salud actualiz\u00f3 este viernes las medidas de prevenci\u00f3n contra el coronavirus y de otras enfermedades respiratorias, en una resoluci\u00f3n publicada en el Bolet\u00edn Oficial que deja \u00absin efecto el distanciamiento social de dos metros\u00bb e insta a \u00abcontinuar con el uso adecuado del barbijo en espacios interiores, incluyendo los \u00e1mbitos laborales, educativos, [&hellip;]<\/p>\n","protected":false},"author":4,"featured_media":105567,"comment_status":"closed","ping_status":"closed","sticky":false,"template":"","format":"standard","meta":{"om_disable_all_campaigns":false,"_jetpack_memberships_contains_paid_content":false,"footnotes":""},"categories":[50,101,2],"tags":[197,696,33,19],"class_list":["post-105566","post","type-post","status-publish","format-standard","has-post-thumbnail","hentry","category-destacadas","category-interes-general-locales","category-locales","tag-buenos-aires","tag-interes-general","tag-locales","tag-san-pedro"],"aioseo_notices":[],"gutentor_comment":0,"jetpack_featured_media_url":"https:\/\/eldiariodesanpedro.com.ar\/sitio\/wp-content\/uploads\/2022\/04\/Distanciamiento-.jpg","jetpack_shortlink":"https:\/\/wp.me\/p6RhLt-rsG","jetpack_sharing_enabled":true,"_links":{"self":[{"href":"https:\/\/eldiariodesanpedro.com.ar\/sitio\/wp-json\/wp\/v2\/posts\/105566","targetHints":{"allow":["GET"]}}],"collection":[{"href":"https:\/\/eldiariodesanpedro.com.ar\/sitio\/wp-json\/wp\/v2\/posts"}],"about":[{"href":"https:\/\/eldiariodesanpedro.com.ar\/sitio\/wp-json\/wp\/v2\/types\/post"}],"author":[{"embeddable":true,"href":"https:\/\/eldiariodesanpedro.com.ar\/sitio\/wp-json\/wp\/v2\/users\/4"}],"replies":[{"embeddable":true,"href":"https:\/\/eldiariodesanpedro.com.ar\/sitio\/wp-json\/wp\/v2\/comments?post=105566"}],"version-history":[{"count":1,"href":"https:\/\/eldiariodesanpedro.com.ar\/sitio\/wp-json\/wp\/v2\/posts\/105566\/revisions"}],"predecessor-version":[{"id":105568,"href":"https:\/\/eldiariodesanpedro.com.ar\/sitio\/wp-json\/wp\/v2\/posts\/105566\/revisions\/105568"}],"wp:featuredmedia":[{"embeddable":true,"href":"https:\/\/eldiariodesanpedro.com.ar\/sitio\/wp-json\/wp\/v2\/media\/105567"}],"wp:attachment":[{"href":"https:\/\/eldiariodesanpedro.com.ar\/sitio\/wp-json\/wp\/v2\/media?parent=105566"}],"wp:term":[{"taxonomy":"category","embeddable":true,"href":"https:\/\/eldiariodesanpedro.com.ar\/sitio\/wp-json\/wp\/v2\/categories?post=105566"},{"taxonomy":"post_tag","embeddable":true,"href":"https:\/\/eldiariodesanpedro.com.ar\/sitio\/wp-json\/wp\/v2\/tags?post=105566"}],"curies":[{"name":"wp","href":"https:\/\/api.w.org\/{rel}","templated":true}]}}