{"id":105563,"date":"2022-04-01T09:38:24","date_gmt":"2022-04-01T12:38:24","guid":{"rendered":"https:\/\/eldiariodesanpedro.com.ar\/sitio\/?p=105563"},"modified":"2022-04-01T09:38:25","modified_gmt":"2022-04-01T12:38:25","slug":"garantizaron-que-no-va-a-faltar-gas-durante-el-invierno","status":"publish","type":"post","link":"https:\/\/eldiariodesanpedro.com.ar\/sitio\/garantizaron-que-no-va-a-faltar-gas-durante-el-invierno\/","title":{"rendered":"Garantizaron que no va a faltar gas durante el invierno"},"content":{"rendered":"<!-- VideographyWP Plugin Message: Automatic video embedding prevented by plugin options. -->\n\n<p>El gobierno nacional asegur\u00f3 este jueves que \u00abno va a faltar gas en invierno\u00bb y que este a\u00f1o la Argentina tendr\u00e1 que importar \u00abbastante menos\u00bb debido al aumento de la producci\u00f3n interna de este combustible, a ra\u00edz del \u00abcrecimiento de la explotaci\u00f3n en Vaca Muerta\u00bb.<\/p>\n\n\n\n<p>As\u00ed lo indic\u00f3 la portavoz de la Presidencia, Gabriela Cerruti: \u00abEl gobierno puede garantizar que no va a faltar gas en invierno\u00bb, dijo.<\/p>\n\n\n\n<p>En su habitual conferencia de prensa de los jueves en Casa Rosada, Cerruti adelant\u00f3 que \u00abla pr\u00f3xima semana\u00bb va a haber \u00abnovedades\u00bb sobre las negociaciones que est\u00e1n llevando a cabo el ministro de Econom\u00eda, Mart\u00edn Guzm\u00e1n, y el secretario de Energ\u00eda, Dar\u00edo Mart\u00ednez, para garantizar el abastecimiento tanto para el consumo residencial como para la industria y el agro.<\/p>\n\n\n\n<p>Asimismo sostuvo que \u00abel gobierno entiende que todav\u00eda no hay faltante de gasoil\u00bb.<\/p>\n\n\n\n<p>En cuanto al costo de los env\u00edos de barcos regasificadores, remarc\u00f3 que \u00ablos fondos (para pagarlos) van a estar\u00bb y que el gobierno \u00abest\u00e1 haciendo todo lo necesario\u00bb para asegurar el abastecimiento.<\/p>\n\n\n\n<p>En otro orden, al referirse a las operaciones de venta de particulares combustible a otros pa\u00edses en zonas de frontera, dijo que \u00abes un tema que tiene que ver con cuestiones de seguridad\u00bb, que le ata\u00f1e a \u00abGendarmer\u00eda y los gobiernos provinciales\u00bb.<\/p>\n\n\n\n<p>Por otra parte, consider\u00f3 \u00abmuy alentador\u00bb el ofrecimiento expresado por el presidente de la Uni\u00f3n Industrial Argentina (UIA), Daniel Funes de Rioja, de realizar tareas coordinadas con el gobierno para hacer frente a eventuales problemas en la provisi\u00f3n de gas.<\/p>\n","protected":false},"excerpt":{"rendered":"<p>El gobierno nacional asegur\u00f3 este jueves que \u00abno va a faltar gas en invierno\u00bb y que este a\u00f1o la Argentina tendr\u00e1 que importar \u00abbastante menos\u00bb debido al aumento de la producci\u00f3n interna de este combustible, a ra\u00edz del \u00abcrecimiento de la explotaci\u00f3n en Vaca Muerta\u00bb. As\u00ed lo indic\u00f3 la portavoz de la Presidencia, Gabriela Cerruti: [&hellip;]<\/p>\n","protected":false},"author":4,"featured_media":105564,"comment_status":"closed","ping_status":"closed","sticky":false,"template":"","format":"standard","meta":{"om_disable_all_campaigns":false,"_jetpack_memberships_contains_paid_content":false,"footnotes":""},"categories":[50,101,2],"tags":[197,696,33,19],"class_list":["post-105563","post","type-post","status-publish","format-standard","has-post-thumbnail","hentry","category-destacadas","category-interes-general-locales","category-locales","tag-buenos-aires","tag-interes-general","tag-locales","tag-san-pedro"],"aioseo_notices":[],"gutentor_comment":0,"jetpack_featured_media_url":"https:\/\/eldiariodesanpedro.com.ar\/sitio\/wp-content\/uploads\/2022\/04\/no_dikaahkuxp4v0wwgas_2_.jpg","jetpack_shortlink":"https:\/\/wp.me\/p6RhLt-rsD","jetpack_sharing_enabled":true,"_links":{"self":[{"href":"https:\/\/eldiariodesanpedro.com.ar\/sitio\/wp-json\/wp\/v2\/posts\/105563","targetHints":{"allow":["GET"]}}],"collection":[{"href":"https:\/\/eldiariodesanpedro.com.ar\/sitio\/wp-json\/wp\/v2\/posts"}],"about":[{"href":"https:\/\/eldiariodesanpedro.com.ar\/sitio\/wp-json\/wp\/v2\/types\/post"}],"author":[{"embeddable":true,"href":"https:\/\/eldiariodesanpedro.com.ar\/sitio\/wp-json\/wp\/v2\/users\/4"}],"replies":[{"embeddable":true,"href":"https:\/\/eldiariodesanpedro.com.ar\/sitio\/wp-json\/wp\/v2\/comments?post=105563"}],"version-history":[{"count":1,"href":"https:\/\/eldiariodesanpedro.com.ar\/sitio\/wp-json\/wp\/v2\/posts\/105563\/revisions"}],"predecessor-version":[{"id":105565,"href":"https:\/\/eldiariodesanpedro.com.ar\/sitio\/wp-json\/wp\/v2\/posts\/105563\/revisions\/105565"}],"wp:featuredmedia":[{"embeddable":true,"href":"https:\/\/eldiariodesanpedro.com.ar\/sitio\/wp-json\/wp\/v2\/media\/105564"}],"wp:attachment":[{"href":"https:\/\/eldiariodesanpedro.com.ar\/sitio\/wp-json\/wp\/v2\/media?parent=105563"}],"wp:term":[{"taxonomy":"category","embeddable":true,"href":"https:\/\/eldiariodesanpedro.com.ar\/sitio\/wp-json\/wp\/v2\/categories?post=105563"},{"taxonomy":"post_tag","embeddable":true,"href":"https:\/\/eldiariodesanpedro.com.ar\/sitio\/wp-json\/wp\/v2\/tags?post=105563"}],"curies":[{"name":"wp","href":"https:\/\/api.w.org\/{rel}","templated":true}]}}