{"id":105555,"date":"2022-04-01T08:00:00","date_gmt":"2022-04-01T11:00:00","guid":{"rendered":"https:\/\/eldiariodesanpedro.com.ar\/sitio\/?p=105555"},"modified":"2022-04-01T09:20:32","modified_gmt":"2022-04-01T12:20:32","slug":"comienzo-a-la-temporada-de-poda-de-durazno-de-frutas-sagrera","status":"publish","type":"post","link":"https:\/\/eldiariodesanpedro.com.ar\/sitio\/comienzo-a-la-temporada-de-poda-de-durazno-de-frutas-sagrera\/","title":{"rendered":"Comienzo a la temporada de poda de durazno de Frutas Sagrera\u00a0"},"content":{"rendered":"<!-- VideographyWP Plugin Message: Automatic video embedding prevented by plugin options. -->\n\n<p>Comunicamos que el d\u00eda 02 de Mayo de 2022&nbsp; se iniciar\u00e1 la poda de duraznos, debiendo presentarse en el lugar de trabajo habitual&nbsp; para comenzar con sus tareas. <\/p>\n\n\n\n<p>Quedan Uds. debidamente notificados conforme a la legislaci\u00f3n vigente.<\/p>\n\n\n\n<p>(Publicaci\u00f3n V\u00e1lida por los d\u00edas  01, 02, 03 y 04 de Abril de 2022)<\/p>\n","protected":false},"excerpt":{"rendered":"<p>Comunicamos que el d\u00eda 02 de Mayo de 2022&nbsp; se iniciar\u00e1 la poda de duraznos, debiendo presentarse en el lugar de trabajo habitual&nbsp; para comenzar con sus tareas. Quedan Uds. debidamente notificados conforme a la legislaci\u00f3n vigente. (Publicaci\u00f3n V\u00e1lida por los d\u00edas 01, 02, 03 y 04 de Abril de 2022)<\/p>\n","protected":false},"author":4,"featured_media":105553,"comment_status":"closed","ping_status":"closed","sticky":false,"template":"","format":"standard","meta":{"om_disable_all_campaigns":false,"_jetpack_memberships_contains_paid_content":false,"footnotes":""},"categories":[678,676],"tags":[197,2814,696,33,19],"class_list":["post-105555","post","type-post","status-publish","format-standard","has-post-thumbnail","hentry","category-convocatorias","category-edictos","tag-buenos-aires","tag-frutas-sagrera","tag-interes-general","tag-locales","tag-san-pedro"],"aioseo_notices":[],"gutentor_comment":0,"jetpack_featured_media_url":"https:\/\/eldiariodesanpedro.com.ar\/sitio\/wp-content\/uploads\/2022\/03\/Frutas-Sagregra-abril-2022-final.jpg","jetpack_shortlink":"https:\/\/wp.me\/p6RhLt-rsv","jetpack_sharing_enabled":true,"_links":{"self":[{"href":"https:\/\/eldiariodesanpedro.com.ar\/sitio\/wp-json\/wp\/v2\/posts\/105555","targetHints":{"allow":["GET"]}}],"collection":[{"href":"https:\/\/eldiariodesanpedro.com.ar\/sitio\/wp-json\/wp\/v2\/posts"}],"about":[{"href":"https:\/\/eldiariodesanpedro.com.ar\/sitio\/wp-json\/wp\/v2\/types\/post"}],"author":[{"embeddable":true,"href":"https:\/\/eldiariodesanpedro.com.ar\/sitio\/wp-json\/wp\/v2\/users\/4"}],"replies":[{"embeddable":true,"href":"https:\/\/eldiariodesanpedro.com.ar\/sitio\/wp-json\/wp\/v2\/comments?post=105555"}],"version-history":[{"count":3,"href":"https:\/\/eldiariodesanpedro.com.ar\/sitio\/wp-json\/wp\/v2\/posts\/105555\/revisions"}],"predecessor-version":[{"id":105562,"href":"https:\/\/eldiariodesanpedro.com.ar\/sitio\/wp-json\/wp\/v2\/posts\/105555\/revisions\/105562"}],"wp:featuredmedia":[{"embeddable":true,"href":"https:\/\/eldiariodesanpedro.com.ar\/sitio\/wp-json\/wp\/v2\/media\/105553"}],"wp:attachment":[{"href":"https:\/\/eldiariodesanpedro.com.ar\/sitio\/wp-json\/wp\/v2\/media?parent=105555"}],"wp:term":[{"taxonomy":"category","embeddable":true,"href":"https:\/\/eldiariodesanpedro.com.ar\/sitio\/wp-json\/wp\/v2\/categories?post=105555"},{"taxonomy":"post_tag","embeddable":true,"href":"https:\/\/eldiariodesanpedro.com.ar\/sitio\/wp-json\/wp\/v2\/tags?post=105555"}],"curies":[{"name":"wp","href":"https:\/\/api.w.org\/{rel}","templated":true}]}}