{"id":105547,"date":"2022-04-01T08:00:00","date_gmt":"2022-04-01T11:00:00","guid":{"rendered":"https:\/\/eldiariodesanpedro.com.ar\/sitio\/?p=105547"},"modified":"2022-04-01T09:22:16","modified_gmt":"2022-04-01T12:22:16","slug":"comienzo-a-la-temporada-de-naranja-frutas-santa-rita%ef%bf%bc","status":"publish","type":"post","link":"https:\/\/eldiariodesanpedro.com.ar\/sitio\/comienzo-a-la-temporada-de-naranja-frutas-santa-rita%ef%bf%bc\/","title":{"rendered":"Comienzo a la temporada de naranja Frutas Santa Rita\ufffc"},"content":{"rendered":"<!-- VideographyWP Plugin Message: Automatic video embedding prevented by plugin options. -->\n\n<p>Aproximadamente el d\u00eda 2 de Mayo del corriente a\u00f1o se dar\u00e1 comienzo a la temporada de naranja 2022.<\/p>\n\n\n\n<p>A los trabajadores del a\u00f1o pasado presentarse el 18 de Abril en el Galp\u00f3n de Empaque ubicado en Ruta 1001 Km 2.<\/p>\n\n\n\n<p>Gabriel Sagrera<\/p>\n\n\n\n<p>(Publicaci\u00f3n V\u00e1lida por los d\u00edas  01, 02, 03 y 04 de Abril de 2022)<\/p>\n","protected":false},"excerpt":{"rendered":"<p>Aproximadamente el d\u00eda 2 de Mayo del corriente a\u00f1o se dar\u00e1 comienzo a la temporada de naranja 2022. A los trabajadores del a\u00f1o pasado presentarse el 18 de Abril en el Galp\u00f3n de Empaque ubicado en Ruta 1001 Km 2. Gabriel Sagrera (Publicaci\u00f3n V\u00e1lida por los d\u00edas 01, 02, 03 y 04 de Abril de [&hellip;]<\/p>\n","protected":false},"author":4,"featured_media":105548,"comment_status":"closed","ping_status":"closed","sticky":false,"template":"","format":"standard","meta":{"om_disable_all_campaigns":false,"_jetpack_memberships_contains_paid_content":false,"footnotes":""},"categories":[678,676],"tags":[197,696,33,19],"class_list":["post-105547","post","type-post","status-publish","format-standard","has-post-thumbnail","hentry","category-convocatorias","category-edictos","tag-buenos-aires","tag-interes-general","tag-locales","tag-san-pedro"],"aioseo_notices":[],"gutentor_comment":0,"jetpack_featured_media_url":"https:\/\/eldiariodesanpedro.com.ar\/sitio\/wp-content\/uploads\/2022\/03\/Frutas-Santa-Maria-abril-2022.jpg","jetpack_shortlink":"https:\/\/wp.me\/p6RhLt-rsn","jetpack_sharing_enabled":true,"_links":{"self":[{"href":"https:\/\/eldiariodesanpedro.com.ar\/sitio\/wp-json\/wp\/v2\/posts\/105547","targetHints":{"allow":["GET"]}}],"collection":[{"href":"https:\/\/eldiariodesanpedro.com.ar\/sitio\/wp-json\/wp\/v2\/posts"}],"about":[{"href":"https:\/\/eldiariodesanpedro.com.ar\/sitio\/wp-json\/wp\/v2\/types\/post"}],"author":[{"embeddable":true,"href":"https:\/\/eldiariodesanpedro.com.ar\/sitio\/wp-json\/wp\/v2\/users\/4"}],"replies":[{"embeddable":true,"href":"https:\/\/eldiariodesanpedro.com.ar\/sitio\/wp-json\/wp\/v2\/comments?post=105547"}],"version-history":[{"count":2,"href":"https:\/\/eldiariodesanpedro.com.ar\/sitio\/wp-json\/wp\/v2\/posts\/105547\/revisions"}],"predecessor-version":[{"id":105560,"href":"https:\/\/eldiariodesanpedro.com.ar\/sitio\/wp-json\/wp\/v2\/posts\/105547\/revisions\/105560"}],"wp:featuredmedia":[{"embeddable":true,"href":"https:\/\/eldiariodesanpedro.com.ar\/sitio\/wp-json\/wp\/v2\/media\/105548"}],"wp:attachment":[{"href":"https:\/\/eldiariodesanpedro.com.ar\/sitio\/wp-json\/wp\/v2\/media?parent=105547"}],"wp:term":[{"taxonomy":"category","embeddable":true,"href":"https:\/\/eldiariodesanpedro.com.ar\/sitio\/wp-json\/wp\/v2\/categories?post=105547"},{"taxonomy":"post_tag","embeddable":true,"href":"https:\/\/eldiariodesanpedro.com.ar\/sitio\/wp-json\/wp\/v2\/tags?post=105547"}],"curies":[{"name":"wp","href":"https:\/\/api.w.org\/{rel}","templated":true}]}}