{"id":10553,"date":"2016-11-22T20:47:39","date_gmt":"2016-11-22T23:47:39","guid":{"rendered":"https:\/\/eldiariodesanpedro.com.ar\/sitio\/?p=10553"},"modified":"2026-01-24T00:32:22","modified_gmt":"2026-01-24T03:32:22","slug":"federico-dominguez-y-junior-solmi-campeones-en-fedenor","status":"publish","type":"post","link":"https:\/\/eldiariodesanpedro.com.ar\/sitio\/federico-dominguez-y-junior-solmi-campeones-en-fedenor\/","title":{"rendered":"AUTOMOVILISMO: Federico Dom\u00ednguez y Junior Solmi, campeones en Fedenor"},"content":{"rendered":"<p><!-- VideographyWP Plugin Message: Automatic video embedding prevented by plugin options. --><br \/>\nLa final de TC 850 en Baradero tuvo muchos autos, pero la atenci\u00f3n la lograron los dos candidatos al t\u00edtulo, el sampedrino Federico Dom\u00ednguez y el arrecife\u00f1o, l\u00edder de Play Off, Roberto De Virgilio.<\/p>\n<p>Federico \u201cPescadito\u201d Dom\u00ednguez lider\u00f3 toda la carrera, aunque el puntero del campeonato De Virgilio dio pelea, pero perdi\u00f3 importantes puestos (arrib\u00f3 noveno) y Dom\u00ednguez es bicampe\u00f3n de la categor\u00eda con m\u00e1s m\u00e1quinas del automovilismo zonal. Al sampedrino Dom\u00ednguez lo siguieron Hern\u00e1n Capdevilla (Pergamino), Jorge Hepp (San Pedro), Patricio Buroni (Arrecifes) y Diego Rodr\u00edguez (San Pedro), en los primeros lugares.<\/p>\n<p><strong>Solmi y su primer \u00e9xito<\/strong><\/p>\n<p>La diferencia que logr\u00f3 en la competencia anterior (Arrecifes) fue muy importante para que el pasado domingo en el Barrancas del Baradero encarara la competencia con total tranquilidad, sabiendo que depend\u00eda de \u00e9l y de su m\u00e1quina. Junior Solmi no defraud\u00f3, el hijo del campe\u00f3n de la F\u00f3rmula Renault Argentina en 1989 sigui\u00f3 los pasos de Sergio y fue un le\u00f3n en la pista.<\/p>\n<p>Fue el due\u00f1o de las dos competencias: en la primera con Dario Matkovich sigui\u00e9ndolo de cerca y luego Esteban Monteverde y otro sampedrino, Fernando Iglesias.<\/p>\n<p>En la segunda, repiti\u00f3 el volante de San Pedro y detr\u00e1s Matkovich, pero el tercer escal\u00f3n del podio fue para Pichi Iglesias y cuarto Esteban Monteverde.<\/p>\n<p><a href=\"https:\/\/eldiariodesanpedro.com.ar\/sitio\/wp-content\/uploads\/2016\/11\/FOTO-2-23-11-16-DOMINGUEZ.jpg\"><img decoding=\"async\" data-attachment-id=\"10556\" data-permalink=\"https:\/\/eldiariodesanpedro.com.ar\/sitio\/federico-dominguez-y-junior-solmi-campeones-en-fedenor\/foto-2-23-11-16-dominguez\/\" data-orig-file=\"https:\/\/eldiariodesanpedro.com.ar\/sitio\/wp-content\/uploads\/2016\/11\/FOTO-2-23-11-16-DOMINGUEZ.jpg\" data-orig-size=\"370,493\" data-comments-opened=\"1\" data-image-meta=\"{&quot;aperture&quot;:&quot;0&quot;,&quot;credit&quot;:&quot;&quot;,&quot;camera&quot;:&quot;&quot;,&quot;caption&quot;:&quot;&quot;,&quot;created_timestamp&quot;:&quot;0&quot;,&quot;copyright&quot;:&quot;&quot;,&quot;focal_length&quot;:&quot;0&quot;,&quot;iso&quot;:&quot;0&quot;,&quot;shutter_speed&quot;:&quot;0&quot;,&quot;title&quot;:&quot;&quot;,&quot;orientation&quot;:&quot;0&quot;}\" data-image-title=\"foto-2-23-11-16-dominguez\" data-image-description=\"\" data-image-caption=\"\" data-large-file=\"https:\/\/eldiariodesanpedro.com.ar\/sitio\/wp-content\/uploads\/2016\/11\/FOTO-2-23-11-16-DOMINGUEZ.jpg\" class=\"alignnone size-medium wp-image-10556 lazyload\" data-src=\"https:\/\/eldiariodesanpedro.com.ar\/sitio\/wp-content\/uploads\/2016\/11\/FOTO-2-23-11-16-DOMINGUEZ-225x300.jpg\" alt=\"foto-2-23-11-16-dominguez\" width=\"225\" height=\"300\" data-srcset=\"https:\/\/eldiariodesanpedro.com.ar\/sitio\/wp-content\/uploads\/2016\/11\/FOTO-2-23-11-16-DOMINGUEZ-225x300.jpg 225w, https:\/\/eldiariodesanpedro.com.ar\/sitio\/wp-content\/uploads\/2016\/11\/FOTO-2-23-11-16-DOMINGUEZ.jpg 370w\" data-sizes=\"(max-width: 225px) 100vw, 225px\" src=\"data:image\/svg+xml;base64,PHN2ZyB3aWR0aD0iMSIgaGVpZ2h0PSIxIiB4bWxucz0iaHR0cDovL3d3dy53My5vcmcvMjAwMC9zdmciPjwvc3ZnPg==\" style=\"--smush-placeholder-width: 225px; --smush-placeholder-aspect-ratio: 225\/300;\" \/><\/a><\/p>\n<hr \/>\n<p><em>LAS DEM\u00c1S CATEGOR\u00cdAS<\/em><br \/>\n<strong>Ezequiel Iglesias tambi\u00e9n pudo debutar en el triunfo<\/strong><\/p>\n<p>Ezequiel Iglesias domin\u00f3 toda la carrera en una categor\u00eda que no present\u00f3 muchos autos y la lucha estuvo centrada por ser escolta entre Marinucci (Firmat) y el tricampe\u00f3n J. \u00c1lvarez, quien finalmente lleg\u00f3 segundo, detr\u00e1s M. Salom\u00f3n y E. Zabala. Ezequiel es hijo de Tato, uno de los m\u00e1s reconocidos motorista de la zona.<\/p>\n<p><strong>TC 4000 <\/strong><br \/>\nMarcos Agust\u00edn, debut\u00f3 y gan\u00f3 en el TC 4000, seguido por Eduardo Reverter, tercero Gerardo Lucca, cuarto Gustavo Bessana (Arribe\u00f1os) y detr\u00e1s los sampedrinos Rub\u00e9n Artigues y Sergio Solmi.<\/p>\n<p><strong>TC 4000 STD<\/strong><br \/>\nCali G\u00f3mez (San Antonio de Areco), Ezequiel Giglio y Sebasti\u00e1n Gallo: los tres primeros de la competencia en la vecina ciudad.<\/p>\n<p><strong>Monomarca<\/strong><br \/>\nEzequiel Pigeard gan\u00f3 la competencia, seguido por Matkovich, Serra, Mart\u00ednez y Mart\u00edn.<\/p>\n","protected":false},"excerpt":{"rendered":"<p>La final de TC 850 en Baradero tuvo muchos autos, pero la atenci\u00f3n la lograron los dos candidatos al t\u00edtulo, el sampedrino Federico Dom\u00ednguez y el arrecife\u00f1o, l\u00edder de Play Off, Roberto De Virgilio. Federico \u201cPescadito\u201d Dom\u00ednguez lider\u00f3 toda la carrera, aunque el puntero del campeonato De Virgilio dio pelea, pero perdi\u00f3 importantes puestos (arrib\u00f3 [&hellip;]<\/p>\n","protected":false},"author":4,"featured_media":10554,"comment_status":"open","ping_status":"closed","sticky":false,"template":"","format":"standard","meta":{"om_disable_all_campaigns":false,"_jetpack_memberships_contains_paid_content":false,"footnotes":""},"categories":[5],"tags":[],"class_list":["post-10553","post","type-post","status-publish","format-standard","has-post-thumbnail","hentry","category-deportes"],"aioseo_notices":[],"gutentor_comment":0,"jetpack_featured_media_url":"https:\/\/eldiariodesanpedro.com.ar\/sitio\/wp-content\/uploads\/2016\/11\/FOTO-1-23-11-16-SOLMI.jpg","jetpack_shortlink":"https:\/\/wp.me\/p6RhLt-2Kd","jetpack_sharing_enabled":true,"_links":{"self":[{"href":"https:\/\/eldiariodesanpedro.com.ar\/sitio\/wp-json\/wp\/v2\/posts\/10553","targetHints":{"allow":["GET"]}}],"collection":[{"href":"https:\/\/eldiariodesanpedro.com.ar\/sitio\/wp-json\/wp\/v2\/posts"}],"about":[{"href":"https:\/\/eldiariodesanpedro.com.ar\/sitio\/wp-json\/wp\/v2\/types\/post"}],"author":[{"embeddable":true,"href":"https:\/\/eldiariodesanpedro.com.ar\/sitio\/wp-json\/wp\/v2\/users\/4"}],"replies":[{"embeddable":true,"href":"https:\/\/eldiariodesanpedro.com.ar\/sitio\/wp-json\/wp\/v2\/comments?post=10553"}],"version-history":[{"count":4,"href":"https:\/\/eldiariodesanpedro.com.ar\/sitio\/wp-json\/wp\/v2\/posts\/10553\/revisions"}],"predecessor-version":[{"id":10559,"href":"https:\/\/eldiariodesanpedro.com.ar\/sitio\/wp-json\/wp\/v2\/posts\/10553\/revisions\/10559"}],"wp:featuredmedia":[{"embeddable":true,"href":"https:\/\/eldiariodesanpedro.com.ar\/sitio\/wp-json\/wp\/v2\/media\/10554"}],"wp:attachment":[{"href":"https:\/\/eldiariodesanpedro.com.ar\/sitio\/wp-json\/wp\/v2\/media?parent=10553"}],"wp:term":[{"taxonomy":"category","embeddable":true,"href":"https:\/\/eldiariodesanpedro.com.ar\/sitio\/wp-json\/wp\/v2\/categories?post=10553"},{"taxonomy":"post_tag","embeddable":true,"href":"https:\/\/eldiariodesanpedro.com.ar\/sitio\/wp-json\/wp\/v2\/tags?post=10553"}],"curies":[{"name":"wp","href":"https:\/\/api.w.org\/{rel}","templated":true}]}}