{"id":105524,"date":"2022-03-31T19:46:45","date_gmt":"2022-03-31T22:46:45","guid":{"rendered":"https:\/\/eldiariodesanpedro.com.ar\/sitio\/?p=105524"},"modified":"2022-03-31T19:46:45","modified_gmt":"2022-03-31T22:46:45","slug":"grave-accidente-en-la-191-donde-un-automovil-perdio-el-control-paso-entre-dos-arboles-y-termino-en-una-zanja","status":"publish","type":"post","link":"https:\/\/eldiariodesanpedro.com.ar\/sitio\/grave-accidente-en-la-191-donde-un-automovil-perdio-el-control-paso-entre-dos-arboles-y-termino-en-una-zanja\/","title":{"rendered":"Grave accidente en la 191 donde un autom\u00f3vil perdi\u00f3 el control pas\u00f3 entre dos \u00e1rboles y termin\u00f3 en una zanja"},"content":{"rendered":"<!-- VideographyWP Plugin Message: Automatic video embedding prevented by plugin options. -->\n\n<p>En la jornada de hoy ocurri\u00f3 un grave accidente de tr\u00e1nsito donde un autom\u00f3vil que circulaba en direcci\u00f3n hacia la ciudad de San Pedro tras pasar la curva de la muerte perdi\u00f3 el control y termin\u00f3 dando un trompo golpeando un \u00e1rbol.<\/p>\n\n\n\n<p>A pocos metros de la curva de la muerte este jueves alrededor de las 18 hs un autom\u00f3vil Chevrolet Corsa Classic blanco conducido por un ciudadano de alrededor de 30 a\u00f1os por motivos que se tratan de establecer perdi\u00f3 el control terminando dentro de una zanja a la vera de la ruta pasando entre dos \u00e1rboles.<\/p>\n\n\n\n<p>Afortunadamente el autom\u00f3vil que circulaba a la velocidad de la ruta permitida no golpe\u00f3 de lleno contra uno de los \u00e1rboles evitando que el siniestro hubiera sido m\u00e1s grave.<\/p>\n\n\n\n<p>En el lugar se hizo presente una dotaci\u00f3n de Bomberos voluntarios porque el tubo de gas sali\u00f3 despedido adem\u00e1s de ayudar a salir al conductor que se encontraba aturdido por el impacto.<\/p>\n\n\n\n<p>El joven ser\u00eda identificado como docente que da clases de m\u00fasica en la localidad de Santa Luc\u00eda.<\/p>\n\n\n\n<p><\/p>\n","protected":false},"excerpt":{"rendered":"<p>En la jornada de hoy ocurri\u00f3 un grave accidente de tr\u00e1nsito donde un autom\u00f3vil que circulaba en direcci\u00f3n hacia la ciudad de San Pedro tras pasar la curva de la muerte perdi\u00f3 el control y termin\u00f3 dando un trompo golpeando un \u00e1rbol. A pocos metros de la curva de la muerte este jueves alrededor de [&hellip;]<\/p>\n","protected":false},"author":4,"featured_media":105529,"comment_status":"closed","ping_status":"closed","sticky":false,"template":"","format":"standard","meta":{"om_disable_all_campaigns":false,"_jetpack_memberships_contains_paid_content":false,"footnotes":""},"categories":[50,101,2],"tags":[197,696,33,19],"class_list":["post-105524","post","type-post","status-publish","format-standard","has-post-thumbnail","hentry","category-destacadas","category-interes-general-locales","category-locales","tag-buenos-aires","tag-interes-general","tag-locales","tag-san-pedro"],"aioseo_notices":[],"gutentor_comment":0,"jetpack_featured_media_url":"https:\/\/eldiariodesanpedro.com.ar\/sitio\/wp-content\/uploads\/2022\/03\/WhatsApp-Image-2022-03-31-at-6.29.20-PM.jpeg","jetpack_shortlink":"https:\/\/wp.me\/p6RhLt-rs0","jetpack_sharing_enabled":true,"_links":{"self":[{"href":"https:\/\/eldiariodesanpedro.com.ar\/sitio\/wp-json\/wp\/v2\/posts\/105524","targetHints":{"allow":["GET"]}}],"collection":[{"href":"https:\/\/eldiariodesanpedro.com.ar\/sitio\/wp-json\/wp\/v2\/posts"}],"about":[{"href":"https:\/\/eldiariodesanpedro.com.ar\/sitio\/wp-json\/wp\/v2\/types\/post"}],"author":[{"embeddable":true,"href":"https:\/\/eldiariodesanpedro.com.ar\/sitio\/wp-json\/wp\/v2\/users\/4"}],"replies":[{"embeddable":true,"href":"https:\/\/eldiariodesanpedro.com.ar\/sitio\/wp-json\/wp\/v2\/comments?post=105524"}],"version-history":[{"count":1,"href":"https:\/\/eldiariodesanpedro.com.ar\/sitio\/wp-json\/wp\/v2\/posts\/105524\/revisions"}],"predecessor-version":[{"id":105539,"href":"https:\/\/eldiariodesanpedro.com.ar\/sitio\/wp-json\/wp\/v2\/posts\/105524\/revisions\/105539"}],"wp:featuredmedia":[{"embeddable":true,"href":"https:\/\/eldiariodesanpedro.com.ar\/sitio\/wp-json\/wp\/v2\/media\/105529"}],"wp:attachment":[{"href":"https:\/\/eldiariodesanpedro.com.ar\/sitio\/wp-json\/wp\/v2\/media?parent=105524"}],"wp:term":[{"taxonomy":"category","embeddable":true,"href":"https:\/\/eldiariodesanpedro.com.ar\/sitio\/wp-json\/wp\/v2\/categories?post=105524"},{"taxonomy":"post_tag","embeddable":true,"href":"https:\/\/eldiariodesanpedro.com.ar\/sitio\/wp-json\/wp\/v2\/tags?post=105524"}],"curies":[{"name":"wp","href":"https:\/\/api.w.org\/{rel}","templated":true}]}}