{"id":105506,"date":"2022-03-31T13:26:24","date_gmt":"2022-03-31T16:26:24","guid":{"rendered":"https:\/\/eldiariodesanpedro.com.ar\/sitio\/?p=105506"},"modified":"2022-03-31T13:26:25","modified_gmt":"2022-03-31T16:26:25","slug":"este-jueves-finaliza-el-operativo-de-control-de-salud-infantil","status":"publish","type":"post","link":"https:\/\/eldiariodesanpedro.com.ar\/sitio\/este-jueves-finaliza-el-operativo-de-control-de-salud-infantil\/","title":{"rendered":"Este jueves finaliza el operativo de control de salud infantil"},"content":{"rendered":"<!-- VideographyWP Plugin Message: Automatic video embedding prevented by plugin options. -->\n\n<p>Este jueves a las 15.00 finaliza el control de salud infantil llevado a cabo por personal de la Secretar\u00eda de Salud de la Municipalidad de San Pedro en las instalaciones del Club Paran\u00e1 para ni\u00f1os y ni\u00f1as de 6 a 12 a\u00f1os para la extensi\u00f3n de los certificados escolares en el marco del Programa Nacional de Salud Escolar (PRONASE)<\/p>\n\n\n\n<p>Durante estas dos semanas, personal del \u00e1rea realiz\u00f3 m\u00e1s de 300 certificados de salud a los menores que se acercaron para recorrer el circuito establecido que comprend\u00eda controles de vacunas de calendario, peso y altura, electrocardiograma, control odontol\u00f3gico, oftalmol\u00f3gico y cardiol\u00f3gico.<\/p>\n\n\n\n<p>Desde la Secretar\u00eda de Salud se continuar\u00e1n coordinando estas campa\u00f1as para acercar a los barrios y localidades todas aquellas facilidades que permitan garantizar y mantener la salud, especialmente en ni\u00f1os y ni\u00f1as.<\/p>\n\n\n\n<figure class=\"wp-block-image size-full\"><img decoding=\"async\" width=\"945\" height=\"630\" data-attachment-id=\"105509\" data-permalink=\"https:\/\/eldiariodesanpedro.com.ar\/sitio\/este-jueves-finaliza-el-operativo-de-control-de-salud-infantil\/whatsapp-image-2022-03-31-at-11-57-48-am\/\" data-orig-file=\"https:\/\/eldiariodesanpedro.com.ar\/sitio\/wp-content\/uploads\/2022\/03\/WhatsApp-Image-2022-03-31-at-11.57.48-AM.jpeg\" data-orig-size=\"945,630\" data-comments-opened=\"0\" data-image-meta=\"{&quot;aperture&quot;:&quot;0&quot;,&quot;credit&quot;:&quot;&quot;,&quot;camera&quot;:&quot;&quot;,&quot;caption&quot;:&quot;&quot;,&quot;created_timestamp&quot;:&quot;0&quot;,&quot;copyright&quot;:&quot;&quot;,&quot;focal_length&quot;:&quot;0&quot;,&quot;iso&quot;:&quot;0&quot;,&quot;shutter_speed&quot;:&quot;0&quot;,&quot;title&quot;:&quot;&quot;,&quot;orientation&quot;:&quot;0&quot;}\" data-image-title=\"WhatsApp Image 2022-03-31 at 11.57.48 AM\" data-image-description=\"\" data-image-caption=\"\" data-large-file=\"https:\/\/eldiariodesanpedro.com.ar\/sitio\/wp-content\/uploads\/2022\/03\/WhatsApp-Image-2022-03-31-at-11.57.48-AM.jpeg\" data-src=\"https:\/\/eldiariodesanpedro.com.ar\/sitio\/wp-content\/uploads\/2022\/03\/WhatsApp-Image-2022-03-31-at-11.57.48-AM.jpeg\" alt=\"\" class=\"wp-image-105509 lazyload\" data-srcset=\"https:\/\/eldiariodesanpedro.com.ar\/sitio\/wp-content\/uploads\/2022\/03\/WhatsApp-Image-2022-03-31-at-11.57.48-AM.jpeg 945w, https:\/\/eldiariodesanpedro.com.ar\/sitio\/wp-content\/uploads\/2022\/03\/WhatsApp-Image-2022-03-31-at-11.57.48-AM-300x200.jpeg 300w, https:\/\/eldiariodesanpedro.com.ar\/sitio\/wp-content\/uploads\/2022\/03\/WhatsApp-Image-2022-03-31-at-11.57.48-AM-768x512.jpeg 768w\" data-sizes=\"(max-width: 945px) 100vw, 945px\" src=\"data:image\/svg+xml;base64,PHN2ZyB3aWR0aD0iMSIgaGVpZ2h0PSIxIiB4bWxucz0iaHR0cDovL3d3dy53My5vcmcvMjAwMC9zdmciPjwvc3ZnPg==\" style=\"--smush-placeholder-width: 945px; --smush-placeholder-aspect-ratio: 945\/630;\" \/><\/figure>\n\n\n\n<figure class=\"wp-block-image size-full\"><img decoding=\"async\" width=\"945\" height=\"630\" data-attachment-id=\"105508\" data-permalink=\"https:\/\/eldiariodesanpedro.com.ar\/sitio\/este-jueves-finaliza-el-operativo-de-control-de-salud-infantil\/whatsapp-image-2022-03-31-at-11-57-47-am\/\" data-orig-file=\"https:\/\/eldiariodesanpedro.com.ar\/sitio\/wp-content\/uploads\/2022\/03\/WhatsApp-Image-2022-03-31-at-11.57.47-AM.jpeg\" data-orig-size=\"945,630\" data-comments-opened=\"0\" data-image-meta=\"{&quot;aperture&quot;:&quot;0&quot;,&quot;credit&quot;:&quot;&quot;,&quot;camera&quot;:&quot;&quot;,&quot;caption&quot;:&quot;&quot;,&quot;created_timestamp&quot;:&quot;0&quot;,&quot;copyright&quot;:&quot;&quot;,&quot;focal_length&quot;:&quot;0&quot;,&quot;iso&quot;:&quot;0&quot;,&quot;shutter_speed&quot;:&quot;0&quot;,&quot;title&quot;:&quot;&quot;,&quot;orientation&quot;:&quot;0&quot;}\" data-image-title=\"WhatsApp Image 2022-03-31 at 11.57.47 AM\" data-image-description=\"\" data-image-caption=\"\" data-large-file=\"https:\/\/eldiariodesanpedro.com.ar\/sitio\/wp-content\/uploads\/2022\/03\/WhatsApp-Image-2022-03-31-at-11.57.47-AM.jpeg\" data-src=\"https:\/\/eldiariodesanpedro.com.ar\/sitio\/wp-content\/uploads\/2022\/03\/WhatsApp-Image-2022-03-31-at-11.57.47-AM.jpeg\" alt=\"\" class=\"wp-image-105508 lazyload\" data-srcset=\"https:\/\/eldiariodesanpedro.com.ar\/sitio\/wp-content\/uploads\/2022\/03\/WhatsApp-Image-2022-03-31-at-11.57.47-AM.jpeg 945w, https:\/\/eldiariodesanpedro.com.ar\/sitio\/wp-content\/uploads\/2022\/03\/WhatsApp-Image-2022-03-31-at-11.57.47-AM-300x200.jpeg 300w, https:\/\/eldiariodesanpedro.com.ar\/sitio\/wp-content\/uploads\/2022\/03\/WhatsApp-Image-2022-03-31-at-11.57.47-AM-768x512.jpeg 768w\" data-sizes=\"(max-width: 945px) 100vw, 945px\" src=\"data:image\/svg+xml;base64,PHN2ZyB3aWR0aD0iMSIgaGVpZ2h0PSIxIiB4bWxucz0iaHR0cDovL3d3dy53My5vcmcvMjAwMC9zdmciPjwvc3ZnPg==\" style=\"--smush-placeholder-width: 945px; --smush-placeholder-aspect-ratio: 945\/630;\" \/><\/figure>\n","protected":false},"excerpt":{"rendered":"<p>Este jueves a las 15.00 finaliza el control de salud infantil llevado a cabo por personal de la Secretar\u00eda de Salud de la Municipalidad de San Pedro en las instalaciones del Club Paran\u00e1 para ni\u00f1os y ni\u00f1as de 6 a 12 a\u00f1os para la extensi\u00f3n de los certificados escolares en el marco del Programa Nacional [&hellip;]<\/p>\n","protected":false},"author":4,"featured_media":105507,"comment_status":"closed","ping_status":"closed","sticky":false,"template":"","format":"standard","meta":{"om_disable_all_campaigns":false,"_jetpack_memberships_contains_paid_content":false,"footnotes":""},"categories":[50,101,2],"tags":[197,696,33,19],"class_list":["post-105506","post","type-post","status-publish","format-standard","has-post-thumbnail","hentry","category-destacadas","category-interes-general-locales","category-locales","tag-buenos-aires","tag-interes-general","tag-locales","tag-san-pedro"],"aioseo_notices":[],"gutentor_comment":0,"jetpack_featured_media_url":"https:\/\/eldiariodesanpedro.com.ar\/sitio\/wp-content\/uploads\/2022\/03\/WhatsApp-Image-2022-03-31-at-11.57.46-AM.jpeg","jetpack_shortlink":"https:\/\/wp.me\/p6RhLt-rrI","jetpack_sharing_enabled":true,"_links":{"self":[{"href":"https:\/\/eldiariodesanpedro.com.ar\/sitio\/wp-json\/wp\/v2\/posts\/105506","targetHints":{"allow":["GET"]}}],"collection":[{"href":"https:\/\/eldiariodesanpedro.com.ar\/sitio\/wp-json\/wp\/v2\/posts"}],"about":[{"href":"https:\/\/eldiariodesanpedro.com.ar\/sitio\/wp-json\/wp\/v2\/types\/post"}],"author":[{"embeddable":true,"href":"https:\/\/eldiariodesanpedro.com.ar\/sitio\/wp-json\/wp\/v2\/users\/4"}],"replies":[{"embeddable":true,"href":"https:\/\/eldiariodesanpedro.com.ar\/sitio\/wp-json\/wp\/v2\/comments?post=105506"}],"version-history":[{"count":1,"href":"https:\/\/eldiariodesanpedro.com.ar\/sitio\/wp-json\/wp\/v2\/posts\/105506\/revisions"}],"predecessor-version":[{"id":105510,"href":"https:\/\/eldiariodesanpedro.com.ar\/sitio\/wp-json\/wp\/v2\/posts\/105506\/revisions\/105510"}],"wp:featuredmedia":[{"embeddable":true,"href":"https:\/\/eldiariodesanpedro.com.ar\/sitio\/wp-json\/wp\/v2\/media\/105507"}],"wp:attachment":[{"href":"https:\/\/eldiariodesanpedro.com.ar\/sitio\/wp-json\/wp\/v2\/media?parent=105506"}],"wp:term":[{"taxonomy":"category","embeddable":true,"href":"https:\/\/eldiariodesanpedro.com.ar\/sitio\/wp-json\/wp\/v2\/categories?post=105506"},{"taxonomy":"post_tag","embeddable":true,"href":"https:\/\/eldiariodesanpedro.com.ar\/sitio\/wp-json\/wp\/v2\/tags?post=105506"}],"curies":[{"name":"wp","href":"https:\/\/api.w.org\/{rel}","templated":true}]}}