{"id":105504,"date":"2022-03-31T13:12:58","date_gmt":"2022-03-31T16:12:58","guid":{"rendered":"https:\/\/eldiariodesanpedro.com.ar\/sitio\/?p=105504"},"modified":"2022-03-31T13:12:59","modified_gmt":"2022-03-31T16:12:59","slug":"el-gobierno-confirmo-la-entrega-de-un-bono-para-jubilados","status":"publish","type":"post","link":"https:\/\/eldiariodesanpedro.com.ar\/sitio\/el-gobierno-confirmo-la-entrega-de-un-bono-para-jubilados\/","title":{"rendered":"El Gobierno confirm\u00f3 la entrega de un bono para jubilados"},"content":{"rendered":"<!-- VideographyWP Plugin Message: Automatic video embedding prevented by plugin options. -->\n\n<p>As\u00ed lo expres\u00f3 la portavoz de la presidencia, Gabriela Cerruti, quien se\u00f1al\u00f3 que ANSES y el Ministerio de Econom\u00eda trabajan en la definici\u00f3n del bono especial.<\/p>\n\n\n\n<p>La portavoz de la Presidencia, Gabriela Cerruti, confirm\u00f3 esta ma\u00f1ana que el\u00a0Gobierno\u00a0nacional otorgar\u00e1 un\u00a0<strong>bono<\/strong>\u00a0especial para las y los\u00a0jubilados, que ser\u00e1 anunciado en las pr\u00f3ximas horas y en cuyos detalles trabajan desde ANSES y el Ministerio de Econom\u00eda.<\/p>\n\n\n\n<p><strong>\u201cVa a haber un bono para jubilados, va a ser anunciado dentro de las pr\u00f3ximas 48 horas. Lo trabajan Fernanda Raverta y Mart\u00edn Guzm\u00e1n y ser\u00e1 anunciado oportunamente por el presidente\u201d<\/strong>, confirm\u00f3 Cerruti en el marco de la habitual conferencia de prensa de los jueves.<\/p>\n\n\n\n<p>Seg\u00fan trascendi\u00f3 en las \u00faltimas horas, el mismo&nbsp;<strong>ser\u00eda de 8 mil pesos<\/strong>, se efectuar\u00eda en el mes de abril y alcanzar\u00eda a un universo de<strong>&nbsp;5 millones de jubilados y pensionados<\/strong>&nbsp;como beneficiarios, casi el 60 por ciento del total.<\/p>\n\n\n\n<p>Cabe recordar que una<strong>&nbsp;jubilaci\u00f3n m\u00ednima se encuentra en $32.630<\/strong>, es decir apenas por encima de la canasta alimentaria y muy por debajo de la canasta b\u00e1sica, en tanto que se requieren m\u00e1s de dos jubilaciones m\u00ednimas para alcanzarla.<\/p>\n\n\n\n<p>La f\u00f3rmula trimestral de movilidad jubilatoria vigente contempla el aumento de los salarios y de la recaudaci\u00f3n.&nbsp;<strong>En 2020 y 2021 hubo bonos para las jubilaciones m\u00e1s bajas que no se integraron a los haberes<\/strong>, en tanto los de haberes medios y m\u00e1s altos no tuvieron ninguna compensaci\u00f3n.<\/p>\n\n\n\n<p>Luego de la fuerte ca\u00edda del poder adquisitivo previsional entre septiembre de 2017 y diciembre 2019 del 19,5%, con los aumentos diferenciados por decreto de 2020 ( de entre el 24,3 y 35,3%) hubo una ca\u00edda adicional para los haberes medios y m\u00e1s altos de hasta el 8,9%.<\/p>\n\n\n\n<p><strong>\u00abEl bono a jubilados va en sentido a que no se retrase la jubilaci\u00f3n en relaci\u00f3n a la inflaci\u00f3n; que el sueldo alcanza no solo para cubrir la canasta, sino para tener una vida digna\u00bb<\/strong>, marc\u00f3 Cerruti.<\/p>\n\n\n\n<h2 class=\"wp-block-heading\">Para el Gobierno, hay un sendero de crecimiento a sostener<\/h2>\n\n\n\n<p>Luego de que se conocieran los datos de\u00a0pobreza e indigencia\u00a0brindados por el INDEC, el Gobierno a trav\u00e9s de la Portavoz se\u00f1al\u00f3 que ya van 11 mes consecutivos de crecimiento que \u00abreflejan momentos previos a la crisis de 2019\u00bb.<\/p>\n\n\n\n<p>Para Cerruti, \u00abestamos en un momento bisagra y debemos lograr llevar adelante los proyectos productivos, es un momento muy complejo del mundo y estamos tomando medidas para que esa crisis no se refleje, estamos haciendo acuerdos\u00bb.<\/p>\n\n\n\n<p><strong>\u00abEsto debe traducirse en pactos sectoriales, Sergio Massa lleva acuerdos conversaciones para que salgan una serie de proyecto que tienen que salir, y el presidente tiene reuniones con empresarios, sindicalistas y actores de la sociedad civil\u00bb<\/strong>, postul\u00f3.<\/p>\n\n\n\n<p><a href=\"https:\/\/media.infocielo.com\/p\/acc857e37dbb5fbe36b4d9b55b895498\/adjuntos\/299\/imagenes\/001\/308\/0001308760\/887x0\/smart\/bono-extra-jubilados-que-prepara-anses-diciembrejpg.jpg\"><\/a><\/p>\n","protected":false},"excerpt":{"rendered":"<p>As\u00ed lo expres\u00f3 la portavoz de la presidencia, Gabriela Cerruti, quien se\u00f1al\u00f3 que ANSES y el Ministerio de Econom\u00eda trabajan en la definici\u00f3n del bono especial. La portavoz de la Presidencia, Gabriela Cerruti, confirm\u00f3 esta ma\u00f1ana que el\u00a0Gobierno\u00a0nacional otorgar\u00e1 un\u00a0bono\u00a0especial para las y los\u00a0jubilados, que ser\u00e1 anunciado en las pr\u00f3ximas horas y en cuyos detalles [&hellip;]<\/p>\n","protected":false},"author":4,"featured_media":3452,"comment_status":"closed","ping_status":"closed","sticky":false,"template":"","format":"standard","meta":{"om_disable_all_campaigns":false,"_jetpack_memberships_contains_paid_content":false,"footnotes":""},"categories":[101,2],"tags":[197,696,33,19],"class_list":["post-105504","post","type-post","status-publish","format-standard","has-post-thumbnail","hentry","category-interes-general-locales","category-locales","tag-buenos-aires","tag-interes-general","tag-locales","tag-san-pedro"],"aioseo_notices":[],"gutentor_comment":0,"jetpack_featured_media_url":"https:\/\/eldiariodesanpedro.com.ar\/sitio\/wp-content\/uploads\/2016\/04\/23185_anses.jpg","jetpack_shortlink":"https:\/\/wp.me\/p6RhLt-rrG","jetpack_sharing_enabled":true,"_links":{"self":[{"href":"https:\/\/eldiariodesanpedro.com.ar\/sitio\/wp-json\/wp\/v2\/posts\/105504","targetHints":{"allow":["GET"]}}],"collection":[{"href":"https:\/\/eldiariodesanpedro.com.ar\/sitio\/wp-json\/wp\/v2\/posts"}],"about":[{"href":"https:\/\/eldiariodesanpedro.com.ar\/sitio\/wp-json\/wp\/v2\/types\/post"}],"author":[{"embeddable":true,"href":"https:\/\/eldiariodesanpedro.com.ar\/sitio\/wp-json\/wp\/v2\/users\/4"}],"replies":[{"embeddable":true,"href":"https:\/\/eldiariodesanpedro.com.ar\/sitio\/wp-json\/wp\/v2\/comments?post=105504"}],"version-history":[{"count":1,"href":"https:\/\/eldiariodesanpedro.com.ar\/sitio\/wp-json\/wp\/v2\/posts\/105504\/revisions"}],"predecessor-version":[{"id":105505,"href":"https:\/\/eldiariodesanpedro.com.ar\/sitio\/wp-json\/wp\/v2\/posts\/105504\/revisions\/105505"}],"wp:featuredmedia":[{"embeddable":true,"href":"https:\/\/eldiariodesanpedro.com.ar\/sitio\/wp-json\/wp\/v2\/media\/3452"}],"wp:attachment":[{"href":"https:\/\/eldiariodesanpedro.com.ar\/sitio\/wp-json\/wp\/v2\/media?parent=105504"}],"wp:term":[{"taxonomy":"category","embeddable":true,"href":"https:\/\/eldiariodesanpedro.com.ar\/sitio\/wp-json\/wp\/v2\/categories?post=105504"},{"taxonomy":"post_tag","embeddable":true,"href":"https:\/\/eldiariodesanpedro.com.ar\/sitio\/wp-json\/wp\/v2\/tags?post=105504"}],"curies":[{"name":"wp","href":"https:\/\/api.w.org\/{rel}","templated":true}]}}