{"id":105499,"date":"2022-03-31T09:18:12","date_gmt":"2022-03-31T12:18:12","guid":{"rendered":"https:\/\/eldiariodesanpedro.com.ar\/sitio\/?p=105499"},"modified":"2022-03-31T09:18:13","modified_gmt":"2022-03-31T12:18:13","slug":"con-la-presencia-de-la-ministra-estela-diaz-y-el-cierre-de-miss-bolivia-1-encuentro-feminista-y-diverso-en-san-pedro","status":"publish","type":"post","link":"https:\/\/eldiariodesanpedro.com.ar\/sitio\/con-la-presencia-de-la-ministra-estela-diaz-y-el-cierre-de-miss-bolivia-1-encuentro-feminista-y-diverso-en-san-pedro\/","title":{"rendered":"Con la presencia de la ministra Estela D\u00edaz y el cierre de Miss Bolivia, 1\u00b0 Encuentro Feminista y Diverso en San Pedro"},"content":{"rendered":"<!-- VideographyWP Plugin Message: Automatic video embedding prevented by plugin options. -->\n\n<p>El pr\u00f3ximo s\u00e1bado 23 de abril San Pedro ser\u00e1 el escenario de \u00abMarea\u00bb, el primer encuentro Feminista y Diverso de la Regi\u00f3n 2, organizado por el ministerio de las Mujeres, Pol\u00edticas de G\u00e9nero y Diversidad Sexual de la provincia de Buenos Aires, en conjunto con la secretar\u00eda de Pol\u00edticas de G\u00e9nero, Mujeres y Diversidad, y la secretar\u00eda de Turismo y Cultura de la Municipalidad de San Pedro.<\/p>\n\n\n\n<p>El encuentro tendr\u00e1 lugar en el Paseo P\u00fablico Municipal. Las actividades comenzar\u00e1n a las 13.00, con la acreditaci\u00f3n, para dar inicio a las 14.00 al trabajo en comisiones. Las tem\u00e1ticas que se abordar\u00e1n en los distintos talleres son: Masculinidades; Diversidad; Cupo laboral, salud, salud sexual y reproductiva; Gesti\u00f3n menstrual; Corresponsabilidad en los cuidados, obligaci\u00f3n alimentaria y endeudamiento; Diversidad Corporal. Habr\u00e1 adem\u00e1s un espacio para las ni\u00f1eces, con juegos y shows incluidos.<\/p>\n\n\n\n<p>A las 17.00, est\u00e1 previsto el cierre institucional a cargo de la ministra Estela D\u00edaz y el intendente Ram\u00f3n Salazar, junto a la subsecretaria Luc\u00eda Portos y la secretaria de G\u00e9neros de San Pedro, Laura Monfasani.<\/p>\n\n\n\n<p>A las 18.00, en tanto, llegar\u00e1 el cierre musical, a cargo de la reconocida artista Miss Bolivia.<\/p>\n\n\n\n<p>La actividad, en el caso de los talleres, requiere inscripci\u00f3n previa, que se puede realizar de manera online, completando el siguiente formulario: https:\/\/docs.google.com\/forms\/d\/1V0-Be0JQMY8W6tmZHQ7FVArfTji3aDB9oDUQ_L9c-Vk\/viewform?edit_requested=true<\/p>\n\n\n\n<figure class=\"wp-block-image size-full\"><img decoding=\"async\" width=\"630\" height=\"630\" data-attachment-id=\"105500\" data-permalink=\"https:\/\/eldiariodesanpedro.com.ar\/sitio\/con-la-presencia-de-la-ministra-estela-diaz-y-el-cierre-de-miss-bolivia-1-encuentro-feminista-y-diverso-en-san-pedro\/whatsapp-image-2022-03-31-at-9-04-22-am\/\" data-orig-file=\"https:\/\/eldiariodesanpedro.com.ar\/sitio\/wp-content\/uploads\/2022\/03\/WhatsApp-Image-2022-03-31-at-9.04.22-AM.jpeg\" data-orig-size=\"630,630\" data-comments-opened=\"0\" data-image-meta=\"{&quot;aperture&quot;:&quot;0&quot;,&quot;credit&quot;:&quot;&quot;,&quot;camera&quot;:&quot;&quot;,&quot;caption&quot;:&quot;&quot;,&quot;created_timestamp&quot;:&quot;0&quot;,&quot;copyright&quot;:&quot;&quot;,&quot;focal_length&quot;:&quot;0&quot;,&quot;iso&quot;:&quot;0&quot;,&quot;shutter_speed&quot;:&quot;0&quot;,&quot;title&quot;:&quot;&quot;,&quot;orientation&quot;:&quot;0&quot;}\" data-image-title=\"WhatsApp-Image-2022-03-31-at-9.04.22-AM\" data-image-description=\"\" data-image-caption=\"\" data-large-file=\"https:\/\/eldiariodesanpedro.com.ar\/sitio\/wp-content\/uploads\/2022\/03\/WhatsApp-Image-2022-03-31-at-9.04.22-AM.jpeg\" data-src=\"https:\/\/eldiariodesanpedro.com.ar\/sitio\/wp-content\/uploads\/2022\/03\/WhatsApp-Image-2022-03-31-at-9.04.22-AM.jpeg\" alt=\"\" class=\"wp-image-105500 lazyload\" data-srcset=\"https:\/\/eldiariodesanpedro.com.ar\/sitio\/wp-content\/uploads\/2022\/03\/WhatsApp-Image-2022-03-31-at-9.04.22-AM.jpeg 630w, https:\/\/eldiariodesanpedro.com.ar\/sitio\/wp-content\/uploads\/2022\/03\/WhatsApp-Image-2022-03-31-at-9.04.22-AM-300x300.jpeg 300w, https:\/\/eldiariodesanpedro.com.ar\/sitio\/wp-content\/uploads\/2022\/03\/WhatsApp-Image-2022-03-31-at-9.04.22-AM-150x150.jpeg 150w\" data-sizes=\"(max-width: 630px) 100vw, 630px\" src=\"data:image\/svg+xml;base64,PHN2ZyB3aWR0aD0iMSIgaGVpZ2h0PSIxIiB4bWxucz0iaHR0cDovL3d3dy53My5vcmcvMjAwMC9zdmciPjwvc3ZnPg==\" style=\"--smush-placeholder-width: 630px; --smush-placeholder-aspect-ratio: 630\/630;\" \/><\/figure>\n\n\n\n<figure class=\"wp-block-image size-full\"><img decoding=\"async\" width=\"630\" height=\"630\" data-attachment-id=\"105501\" data-permalink=\"https:\/\/eldiariodesanpedro.com.ar\/sitio\/con-la-presencia-de-la-ministra-estela-diaz-y-el-cierre-de-miss-bolivia-1-encuentro-feminista-y-diverso-en-san-pedro\/whatsapp-image-2022-03-31-at-9-04-23-am\/\" data-orig-file=\"https:\/\/eldiariodesanpedro.com.ar\/sitio\/wp-content\/uploads\/2022\/03\/WhatsApp-Image-2022-03-31-at-9.04.23-AM.jpeg\" data-orig-size=\"630,630\" data-comments-opened=\"0\" data-image-meta=\"{&quot;aperture&quot;:&quot;0&quot;,&quot;credit&quot;:&quot;&quot;,&quot;camera&quot;:&quot;&quot;,&quot;caption&quot;:&quot;&quot;,&quot;created_timestamp&quot;:&quot;0&quot;,&quot;copyright&quot;:&quot;&quot;,&quot;focal_length&quot;:&quot;0&quot;,&quot;iso&quot;:&quot;0&quot;,&quot;shutter_speed&quot;:&quot;0&quot;,&quot;title&quot;:&quot;&quot;,&quot;orientation&quot;:&quot;0&quot;}\" data-image-title=\"WhatsApp Image 2022-03-31 at 9.04.23 AM\" data-image-description=\"\" data-image-caption=\"\" data-large-file=\"https:\/\/eldiariodesanpedro.com.ar\/sitio\/wp-content\/uploads\/2022\/03\/WhatsApp-Image-2022-03-31-at-9.04.23-AM.jpeg\" data-src=\"https:\/\/eldiariodesanpedro.com.ar\/sitio\/wp-content\/uploads\/2022\/03\/WhatsApp-Image-2022-03-31-at-9.04.23-AM.jpeg\" alt=\"\" class=\"wp-image-105501 lazyload\" data-srcset=\"https:\/\/eldiariodesanpedro.com.ar\/sitio\/wp-content\/uploads\/2022\/03\/WhatsApp-Image-2022-03-31-at-9.04.23-AM.jpeg 630w, https:\/\/eldiariodesanpedro.com.ar\/sitio\/wp-content\/uploads\/2022\/03\/WhatsApp-Image-2022-03-31-at-9.04.23-AM-300x300.jpeg 300w, https:\/\/eldiariodesanpedro.com.ar\/sitio\/wp-content\/uploads\/2022\/03\/WhatsApp-Image-2022-03-31-at-9.04.23-AM-150x150.jpeg 150w\" data-sizes=\"(max-width: 630px) 100vw, 630px\" src=\"data:image\/svg+xml;base64,PHN2ZyB3aWR0aD0iMSIgaGVpZ2h0PSIxIiB4bWxucz0iaHR0cDovL3d3dy53My5vcmcvMjAwMC9zdmciPjwvc3ZnPg==\" style=\"--smush-placeholder-width: 630px; --smush-placeholder-aspect-ratio: 630\/630;\" \/><\/figure>\n","protected":false},"excerpt":{"rendered":"<p>El pr\u00f3ximo s\u00e1bado 23 de abril San Pedro ser\u00e1 el escenario de \u00abMarea\u00bb, el primer encuentro Feminista y Diverso de la Regi\u00f3n 2, organizado por el ministerio de las Mujeres, Pol\u00edticas de G\u00e9nero y Diversidad Sexual de la provincia de Buenos Aires, en conjunto con la secretar\u00eda de Pol\u00edticas de G\u00e9nero, Mujeres y Diversidad, y [&hellip;]<\/p>\n","protected":false},"author":4,"featured_media":105502,"comment_status":"closed","ping_status":"closed","sticky":false,"template":"","format":"standard","meta":{"om_disable_all_campaigns":false,"_jetpack_memberships_contains_paid_content":false,"footnotes":""},"categories":[50,101,2],"tags":[197,696,33,19],"class_list":["post-105499","post","type-post","status-publish","format-standard","has-post-thumbnail","hentry","category-destacadas","category-interes-general-locales","category-locales","tag-buenos-aires","tag-interes-general","tag-locales","tag-san-pedro"],"aioseo_notices":[],"gutentor_comment":0,"jetpack_featured_media_url":"https:\/\/eldiariodesanpedro.com.ar\/sitio\/wp-content\/uploads\/2022\/03\/Tecnopolis-_Nosotras_movemos_el_mundo.jpg","jetpack_shortlink":"https:\/\/wp.me\/p6RhLt-rrB","jetpack_sharing_enabled":true,"_links":{"self":[{"href":"https:\/\/eldiariodesanpedro.com.ar\/sitio\/wp-json\/wp\/v2\/posts\/105499","targetHints":{"allow":["GET"]}}],"collection":[{"href":"https:\/\/eldiariodesanpedro.com.ar\/sitio\/wp-json\/wp\/v2\/posts"}],"about":[{"href":"https:\/\/eldiariodesanpedro.com.ar\/sitio\/wp-json\/wp\/v2\/types\/post"}],"author":[{"embeddable":true,"href":"https:\/\/eldiariodesanpedro.com.ar\/sitio\/wp-json\/wp\/v2\/users\/4"}],"replies":[{"embeddable":true,"href":"https:\/\/eldiariodesanpedro.com.ar\/sitio\/wp-json\/wp\/v2\/comments?post=105499"}],"version-history":[{"count":1,"href":"https:\/\/eldiariodesanpedro.com.ar\/sitio\/wp-json\/wp\/v2\/posts\/105499\/revisions"}],"predecessor-version":[{"id":105503,"href":"https:\/\/eldiariodesanpedro.com.ar\/sitio\/wp-json\/wp\/v2\/posts\/105499\/revisions\/105503"}],"wp:featuredmedia":[{"embeddable":true,"href":"https:\/\/eldiariodesanpedro.com.ar\/sitio\/wp-json\/wp\/v2\/media\/105502"}],"wp:attachment":[{"href":"https:\/\/eldiariodesanpedro.com.ar\/sitio\/wp-json\/wp\/v2\/media?parent=105499"}],"wp:term":[{"taxonomy":"category","embeddable":true,"href":"https:\/\/eldiariodesanpedro.com.ar\/sitio\/wp-json\/wp\/v2\/categories?post=105499"},{"taxonomy":"post_tag","embeddable":true,"href":"https:\/\/eldiariodesanpedro.com.ar\/sitio\/wp-json\/wp\/v2\/tags?post=105499"}],"curies":[{"name":"wp","href":"https:\/\/api.w.org\/{rel}","templated":true}]}}