{"id":105496,"date":"2022-03-31T08:40:32","date_gmt":"2022-03-31T11:40:32","guid":{"rendered":"https:\/\/eldiariodesanpedro.com.ar\/sitio\/?p=105496"},"modified":"2022-03-31T08:40:32","modified_gmt":"2022-03-31T11:40:32","slug":"inscripcion-abierta-para-el-taller-gratuito-sobre-como-vender-productos-y-servicios-y-atender-con-excelencia%ef%bf%bc","status":"publish","type":"post","link":"https:\/\/eldiariodesanpedro.com.ar\/sitio\/inscripcion-abierta-para-el-taller-gratuito-sobre-como-vender-productos-y-servicios-y-atender-con-excelencia%ef%bf%bc\/","title":{"rendered":"Inscripci\u00f3n abierta para el Taller Gratuito sobre \u00abC\u00f3mo vender productos y servicios y atender con excelencia\u00bb\ufffc"},"content":{"rendered":"<!-- VideographyWP Plugin Message: Automatic video embedding prevented by plugin options. -->\n\n<p>El Centro de Comercio, Industria y Turismo informa que los d\u00edas martes 5 y jueves 7 de abril se dictar\u00e1 en dos m\u00f3dulos de 13 a 15, el primer taller del a\u00f1o, en el marco de una agenda que intensificar\u00e1 las propuestas para comerciantes, empresarios, prestadores de servicios y emprendedores.&nbsp;<\/p>\n\n\n\n<p>\u00abC\u00f3mo vender hoy tus productos y servicios y atender con excelencia al cliente\u00bb, se plantea como una capacitaci\u00f3n GRATUITA que marcar\u00e1 un cambio significativo en las oportunidades de quienes incorporen las herramientas propuestas para gestionar sus ventas para captar y fidelizar clientes y aprender sobre las \u00faltimas tendencias en ventas.<\/p>\n\n\n\n<p><strong>El contenido del taller pr\u00e1ctico comprende:<br><\/strong><\/p>\n\n\n\n<ul class=\"wp-block-list\"><li>Actividad comercial, nuevos paradigmas y tendencias.<\/li><li><\/li><li>Productos y servicios y su comercializaci\u00f3n.<\/li><li><\/li><li>Propuesta de valor para el cliente.<\/li><li><\/li><li>Perfil adecuado del personal de ventas.<\/li><li><\/li><li>Construcci\u00f3n de argumento de ventas, manejo de quejas y reclamos, cierre de ventas.<\/li><li><\/li><li>Captaci\u00f3n y fidelizaci\u00f3n del cliente.<\/li><li><\/li><li>Servicio post venta, calidad de servicio y medidores de gesti\u00f3n, herramientas eficientes para la atenci\u00f3n al cliente, presencial, telef\u00f3nica y digital, la comunicaci\u00f3n eficaz y el protocolo de servicio en atenci\u00f3n al cliente, entre otros temas.<\/li><\/ul>\n\n\n\n<p>La actividad resulta muy interesante para propietarios de comercios, pymes y prestadores de servicios gastron\u00f3micos, tur\u00edsticos, de la salud, locales de indumentaria, regaler\u00eda, profesionales, estudiantes secundarios, terciarios y universitarios, emprendedores, personal y equipos de ventas y personal de atenci\u00f3n al p\u00fablico y de contacto.<\/p>\n\n\n\n<p>Para mayor informaci\u00f3n e inscripci\u00f3n pueden ingresar a:&nbsp;<a href=\"https:\/\/forms.gle\/q83FNqVfPYT2r8jV8\" target=\"_blank\" rel=\"noreferrer noopener\">https:\/\/forms.gle\/q83FNqVfPYT2r8jV8<\/a>o comunicarse a:&nbsp;<a href=\"mailto:cciteducacion@gmail.com\" target=\"_blank\" rel=\"noreferrer noopener\">cciteducacion@gmail.com<\/a>. WhatsApp al 3329599000.<\/p>\n\n\n\n<p>Los invitamos a seguirnos en nuestras redes oficiales y en&nbsp;<a href=\"http:\/\/centrodecomerciosp.org.ar\/\" target=\"_blank\" rel=\"noreferrer noopener\">centrodecomerciosp.org.ar<\/a><\/p>\n","protected":false},"excerpt":{"rendered":"<p>El Centro de Comercio, Industria y Turismo informa que los d\u00edas martes 5 y jueves 7 de abril se dictar\u00e1 en dos m\u00f3dulos de 13 a 15, el primer taller del a\u00f1o, en el marco de una agenda que intensificar\u00e1 las propuestas para comerciantes, empresarios, prestadores de servicios y emprendedores.&nbsp; \u00abC\u00f3mo vender hoy tus productos [&hellip;]<\/p>\n","protected":false},"author":4,"featured_media":105497,"comment_status":"closed","ping_status":"closed","sticky":false,"template":"","format":"standard","meta":{"om_disable_all_campaigns":false,"_jetpack_memberships_contains_paid_content":false,"footnotes":""},"categories":[101,2],"tags":[197,696,33,19],"class_list":["post-105496","post","type-post","status-publish","format-standard","has-post-thumbnail","hentry","category-interes-general-locales","category-locales","tag-buenos-aires","tag-interes-general","tag-locales","tag-san-pedro"],"aioseo_notices":[],"gutentor_comment":0,"jetpack_featured_media_url":"https:\/\/eldiariodesanpedro.com.ar\/sitio\/wp-content\/uploads\/2022\/03\/1591270823_924133_1591270956_noticia_normal.jpg","jetpack_shortlink":"https:\/\/wp.me\/p6RhLt-rry","jetpack_sharing_enabled":true,"_links":{"self":[{"href":"https:\/\/eldiariodesanpedro.com.ar\/sitio\/wp-json\/wp\/v2\/posts\/105496","targetHints":{"allow":["GET"]}}],"collection":[{"href":"https:\/\/eldiariodesanpedro.com.ar\/sitio\/wp-json\/wp\/v2\/posts"}],"about":[{"href":"https:\/\/eldiariodesanpedro.com.ar\/sitio\/wp-json\/wp\/v2\/types\/post"}],"author":[{"embeddable":true,"href":"https:\/\/eldiariodesanpedro.com.ar\/sitio\/wp-json\/wp\/v2\/users\/4"}],"replies":[{"embeddable":true,"href":"https:\/\/eldiariodesanpedro.com.ar\/sitio\/wp-json\/wp\/v2\/comments?post=105496"}],"version-history":[{"count":1,"href":"https:\/\/eldiariodesanpedro.com.ar\/sitio\/wp-json\/wp\/v2\/posts\/105496\/revisions"}],"predecessor-version":[{"id":105498,"href":"https:\/\/eldiariodesanpedro.com.ar\/sitio\/wp-json\/wp\/v2\/posts\/105496\/revisions\/105498"}],"wp:featuredmedia":[{"embeddable":true,"href":"https:\/\/eldiariodesanpedro.com.ar\/sitio\/wp-json\/wp\/v2\/media\/105497"}],"wp:attachment":[{"href":"https:\/\/eldiariodesanpedro.com.ar\/sitio\/wp-json\/wp\/v2\/media?parent=105496"}],"wp:term":[{"taxonomy":"category","embeddable":true,"href":"https:\/\/eldiariodesanpedro.com.ar\/sitio\/wp-json\/wp\/v2\/categories?post=105496"},{"taxonomy":"post_tag","embeddable":true,"href":"https:\/\/eldiariodesanpedro.com.ar\/sitio\/wp-json\/wp\/v2\/tags?post=105496"}],"curies":[{"name":"wp","href":"https:\/\/api.w.org\/{rel}","templated":true}]}}