{"id":105493,"date":"2022-03-30T20:33:38","date_gmt":"2022-03-30T23:33:38","guid":{"rendered":"https:\/\/eldiariodesanpedro.com.ar\/sitio\/?p=105493"},"modified":"2022-03-30T20:33:39","modified_gmt":"2022-03-30T23:33:39","slug":"dictaron-la-detencion-de-cabaleyro-y-espindola-dirigentes-del-gremio-de-camioneros-que-apretaron-a-la-distribuidora-rey","status":"publish","type":"post","link":"https:\/\/eldiariodesanpedro.com.ar\/sitio\/dictaron-la-detencion-de-cabaleyro-y-espindola-dirigentes-del-gremio-de-camioneros-que-apretaron-a-la-distribuidora-rey\/","title":{"rendered":"Dictaron la detenci\u00f3n de Cabaleyro y Esp\u00edndola, dirigentes del gremio de camioneros que apretaron a la Distribuidora Rey"},"content":{"rendered":"<!-- VideographyWP Plugin Message: Automatic video embedding prevented by plugin options. -->\n\n<p>La medida est\u00e1 relacionada con lo sucedido hace unos meses en la distribuidora Rey. Durante varios d\u00edas el sindicato de Camioneros obstruy\u00f3 la normal actividad en la planta lo que dio origen a una denuncia por bloqueo y extorsi\u00f3n.<\/p>\n\n\n\n<p>Sobre el mediod\u00eda de este mi\u00e9rcoles la Dra. Florencia Arietto, abogada de la firma Distribuidora Rey confirm\u00f3 que le justicia orden\u00f3 la detenci\u00f3n de los dirigentes de Camioneros, Maximiliano Cabaleyro y Fernando Esp\u00edndola.<\/p>\n\n\n\n<p>\u00abDictaron la detenci\u00f3n de Cabaleyro y Esp\u00edndola por la causa que se sigue por extorsi\u00f3n a la distribuidora Rey\u00bb, confirm\u00f3 la abogada a FM G\u00e9nesis.<\/p>\n\n\n\n<p>\u00abSe efectivizar\u00e1 a partir de lo que resuelva la c\u00e1mara pero es un precedente importante para que las empresas sepan que hay una causa que avanza y bloquear es delito, y que de ning\u00fan modo hay que ceder ante la extorsi\u00f3n\u00bb, se\u00f1al\u00f3 Arietto.<\/p>\n\n\n\n<p>El caso tiene que ver con lo sucedido hace unos meses cuando un grupo de sindicalistas liderados por Cabaleyro y Esp\u00edndola bloquearon el ingreso a la distribuidora impidiendo su labor diaria.<\/p>\n\n\n\n<p>All\u00ed fue cuando los damnificados realizaron la denuncia y finalmente hoy la justicia tom\u00f3 una importante determinaci\u00f3n.<\/p>\n\n\n\n<p>La resoluci\u00f3n destaca:<\/p>\n\n\n\n<p>\u00abOrdenar la detenci\u00f3n de Maximiliano Emanuel Cabaleyro y Fernando Jos\u00e9 Esp\u00edndola, en orden a los delitos de turbaci\u00f3n de la posesi\u00f3n -dos hechos- , extorsi\u00f3n, extorsi\u00f3n en grado de tentativa, coacci\u00f3n, en concurso real, en los t\u00e9rminos del art. 181 inc. 3, 168, 42, 149 bis, segundo p\u00e1rrafo y 55 del c\u00f3digo penal\u00bb.<\/p>\n\n\n\n<p>\u00abNo hacer lugar al pedido de eximici\u00f3n de prisi\u00f3n impetrado por el Dr. Mauricio Daniel Gugger, defensor particular de los nombrados, en el incidente de eximici\u00f3n de prisi\u00f3n\u00bb.\u00a0<\/p>\n\n\n\n<p>Fuente: San Pedro Informa<\/p>\n","protected":false},"excerpt":{"rendered":"<p>La medida est\u00e1 relacionada con lo sucedido hace unos meses en la distribuidora Rey. Durante varios d\u00edas el sindicato de Camioneros obstruy\u00f3 la normal actividad en la planta lo que dio origen a una denuncia por bloqueo y extorsi\u00f3n. Sobre el mediod\u00eda de este mi\u00e9rcoles la Dra. Florencia Arietto, abogada de la firma Distribuidora Rey [&hellip;]<\/p>\n","protected":false},"author":4,"featured_media":105494,"comment_status":"closed","ping_status":"closed","sticky":false,"template":"","format":"standard","meta":{"om_disable_all_campaigns":false,"_jetpack_memberships_contains_paid_content":false,"footnotes":""},"categories":[50,101,2],"tags":[197,696,33,19],"class_list":["post-105493","post","type-post","status-publish","format-standard","has-post-thumbnail","hentry","category-destacadas","category-interes-general-locales","category-locales","tag-buenos-aires","tag-interes-general","tag-locales","tag-san-pedro"],"aioseo_notices":[],"gutentor_comment":0,"jetpack_featured_media_url":"https:\/\/eldiariodesanpedro.com.ar\/sitio\/wp-content\/uploads\/2022\/03\/0000020780-resized-1920x1080-1.jpg","jetpack_shortlink":"https:\/\/wp.me\/p6RhLt-rrv","jetpack_sharing_enabled":true,"_links":{"self":[{"href":"https:\/\/eldiariodesanpedro.com.ar\/sitio\/wp-json\/wp\/v2\/posts\/105493","targetHints":{"allow":["GET"]}}],"collection":[{"href":"https:\/\/eldiariodesanpedro.com.ar\/sitio\/wp-json\/wp\/v2\/posts"}],"about":[{"href":"https:\/\/eldiariodesanpedro.com.ar\/sitio\/wp-json\/wp\/v2\/types\/post"}],"author":[{"embeddable":true,"href":"https:\/\/eldiariodesanpedro.com.ar\/sitio\/wp-json\/wp\/v2\/users\/4"}],"replies":[{"embeddable":true,"href":"https:\/\/eldiariodesanpedro.com.ar\/sitio\/wp-json\/wp\/v2\/comments?post=105493"}],"version-history":[{"count":1,"href":"https:\/\/eldiariodesanpedro.com.ar\/sitio\/wp-json\/wp\/v2\/posts\/105493\/revisions"}],"predecessor-version":[{"id":105495,"href":"https:\/\/eldiariodesanpedro.com.ar\/sitio\/wp-json\/wp\/v2\/posts\/105493\/revisions\/105495"}],"wp:featuredmedia":[{"embeddable":true,"href":"https:\/\/eldiariodesanpedro.com.ar\/sitio\/wp-json\/wp\/v2\/media\/105494"}],"wp:attachment":[{"href":"https:\/\/eldiariodesanpedro.com.ar\/sitio\/wp-json\/wp\/v2\/media?parent=105493"}],"wp:term":[{"taxonomy":"category","embeddable":true,"href":"https:\/\/eldiariodesanpedro.com.ar\/sitio\/wp-json\/wp\/v2\/categories?post=105493"},{"taxonomy":"post_tag","embeddable":true,"href":"https:\/\/eldiariodesanpedro.com.ar\/sitio\/wp-json\/wp\/v2\/tags?post=105493"}],"curies":[{"name":"wp","href":"https:\/\/api.w.org\/{rel}","templated":true}]}}