{"id":105478,"date":"2022-03-30T20:13:40","date_gmt":"2022-03-30T23:13:40","guid":{"rendered":"https:\/\/eldiariodesanpedro.com.ar\/sitio\/?p=105478"},"modified":"2022-03-30T20:13:41","modified_gmt":"2022-03-30T23:13:41","slug":"recordamos-la-inscripcion-al-curso-gratuito-de-plantines-forestales-en-viveros-a-dictarse-en-gobernador-castro","status":"publish","type":"post","link":"https:\/\/eldiariodesanpedro.com.ar\/sitio\/recordamos-la-inscripcion-al-curso-gratuito-de-plantines-forestales-en-viveros-a-dictarse-en-gobernador-castro\/","title":{"rendered":"Recordamos la inscripci\u00f3n al curso gratuito de plantines forestales en viveros a dictarse en Gobernador Castro"},"content":{"rendered":"<!-- VideographyWP Plugin Message: Automatic video embedding prevented by plugin options. -->\n\n<p>Desde Ministerio de Trabajo, Empleo y Seguridad Social de la Naci\u00f3n en conjunto con la UNNOBA Noticias lanzaron un nuevo curso gratuito a dictarse en Gobernador Castro.<\/p>\n\n\n\n<p>La modalidad del curso consiste en 6 clases en total de las cuales las 3 primeras ser\u00e1n virtuales, 2 presenciales en el Centro de Jubilados de Gob. Castro y la \u00faltima constar\u00e1 de una visita en un vivero de la localidad.<\/p>\n\n\n\n<p>Aquellas personas de 18 a 24 a\u00f1os que se encuentran inscriptas\/quieran inscribirse en el Programa J\u00f3venes percibir\u00e1n un monto de incentivo.<\/p>\n\n\n\n<p>Si ten\u00e9s m\u00e1s de 24 a\u00f1os pod\u00e9s inscribirte tambi\u00e9n pero sin percibir el incentivo del Programa J\u00f3venes.<\/p>\n\n\n\n<p>Se dictar\u00e1 los d\u00edas Lunes de 18 a 20 hs, comenzando el 04 de Abril.<\/p>\n\n\n\n<p>Ya se encuentra abierta la inscripci\u00f3n y deben dirigirse a:<\/p>\n\n\n\n<p>Oficina de Empleo &#8211; Ayacucho 299 &#8211; empleo@sanpedro.gob.ar<br>Comun\u00edcate al: 439850 \/436263<br>De Lunes a Viernes de 8 am a 14 pm &#8211; San Pedro<\/p>\n\n\n\n<p>Delegaci\u00f3n de Gobernador Castro &#8211; Comun\u00edcate al: 03329-493237 delegaciongcastro@sanpedro.gov.ar<\/p>\n\n\n\n<figure class=\"wp-block-image size-full\"><img decoding=\"async\" width=\"752\" height=\"630\" data-attachment-id=\"105479\" data-permalink=\"https:\/\/eldiariodesanpedro.com.ar\/sitio\/recordamos-la-inscripcion-al-curso-gratuito-de-plantines-forestales-en-viveros-a-dictarse-en-gobernador-castro\/whatsapp-image-2022-03-30-at-11-35-11-am\/\" data-orig-file=\"https:\/\/eldiariodesanpedro.com.ar\/sitio\/wp-content\/uploads\/2022\/03\/WhatsApp-Image-2022-03-30-at-11.35.11-AM.jpeg\" data-orig-size=\"752,630\" data-comments-opened=\"0\" data-image-meta=\"{&quot;aperture&quot;:&quot;0&quot;,&quot;credit&quot;:&quot;&quot;,&quot;camera&quot;:&quot;&quot;,&quot;caption&quot;:&quot;&quot;,&quot;created_timestamp&quot;:&quot;0&quot;,&quot;copyright&quot;:&quot;&quot;,&quot;focal_length&quot;:&quot;0&quot;,&quot;iso&quot;:&quot;0&quot;,&quot;shutter_speed&quot;:&quot;0&quot;,&quot;title&quot;:&quot;&quot;,&quot;orientation&quot;:&quot;0&quot;}\" data-image-title=\"WhatsApp Image 2022-03-30 at 11.35.11 AM\" data-image-description=\"\" data-image-caption=\"\" data-large-file=\"https:\/\/eldiariodesanpedro.com.ar\/sitio\/wp-content\/uploads\/2022\/03\/WhatsApp-Image-2022-03-30-at-11.35.11-AM.jpeg\" data-src=\"https:\/\/eldiariodesanpedro.com.ar\/sitio\/wp-content\/uploads\/2022\/03\/WhatsApp-Image-2022-03-30-at-11.35.11-AM.jpeg\" alt=\"\" class=\"wp-image-105479 lazyload\" data-srcset=\"https:\/\/eldiariodesanpedro.com.ar\/sitio\/wp-content\/uploads\/2022\/03\/WhatsApp-Image-2022-03-30-at-11.35.11-AM.jpeg 752w, https:\/\/eldiariodesanpedro.com.ar\/sitio\/wp-content\/uploads\/2022\/03\/WhatsApp-Image-2022-03-30-at-11.35.11-AM-300x251.jpeg 300w\" data-sizes=\"(max-width: 752px) 100vw, 752px\" src=\"data:image\/svg+xml;base64,PHN2ZyB3aWR0aD0iMSIgaGVpZ2h0PSIxIiB4bWxucz0iaHR0cDovL3d3dy53My5vcmcvMjAwMC9zdmciPjwvc3ZnPg==\" style=\"--smush-placeholder-width: 752px; --smush-placeholder-aspect-ratio: 752\/630;\" \/><\/figure>\n","protected":false},"excerpt":{"rendered":"<p>Desde Ministerio de Trabajo, Empleo y Seguridad Social de la Naci\u00f3n en conjunto con la UNNOBA Noticias lanzaron un nuevo curso gratuito a dictarse en Gobernador Castro. La modalidad del curso consiste en 6 clases en total de las cuales las 3 primeras ser\u00e1n virtuales, 2 presenciales en el Centro de Jubilados de Gob. Castro [&hellip;]<\/p>\n","protected":false},"author":4,"featured_media":105480,"comment_status":"closed","ping_status":"closed","sticky":false,"template":"","format":"standard","meta":{"om_disable_all_campaigns":false,"_jetpack_memberships_contains_paid_content":false,"footnotes":""},"categories":[50,101,2],"tags":[197,696,33,19],"class_list":["post-105478","post","type-post","status-publish","format-standard","has-post-thumbnail","hentry","category-destacadas","category-interes-general-locales","category-locales","tag-buenos-aires","tag-interes-general","tag-locales","tag-san-pedro"],"aioseo_notices":[],"gutentor_comment":0,"jetpack_featured_media_url":"https:\/\/eldiariodesanpedro.com.ar\/sitio\/wp-content\/uploads\/2022\/03\/FDCQ2QTWVVD7RDHNVPBHW3ANV4.jpg","jetpack_shortlink":"https:\/\/wp.me\/p6RhLt-rrg","jetpack_sharing_enabled":true,"_links":{"self":[{"href":"https:\/\/eldiariodesanpedro.com.ar\/sitio\/wp-json\/wp\/v2\/posts\/105478","targetHints":{"allow":["GET"]}}],"collection":[{"href":"https:\/\/eldiariodesanpedro.com.ar\/sitio\/wp-json\/wp\/v2\/posts"}],"about":[{"href":"https:\/\/eldiariodesanpedro.com.ar\/sitio\/wp-json\/wp\/v2\/types\/post"}],"author":[{"embeddable":true,"href":"https:\/\/eldiariodesanpedro.com.ar\/sitio\/wp-json\/wp\/v2\/users\/4"}],"replies":[{"embeddable":true,"href":"https:\/\/eldiariodesanpedro.com.ar\/sitio\/wp-json\/wp\/v2\/comments?post=105478"}],"version-history":[{"count":1,"href":"https:\/\/eldiariodesanpedro.com.ar\/sitio\/wp-json\/wp\/v2\/posts\/105478\/revisions"}],"predecessor-version":[{"id":105481,"href":"https:\/\/eldiariodesanpedro.com.ar\/sitio\/wp-json\/wp\/v2\/posts\/105478\/revisions\/105481"}],"wp:featuredmedia":[{"embeddable":true,"href":"https:\/\/eldiariodesanpedro.com.ar\/sitio\/wp-json\/wp\/v2\/media\/105480"}],"wp:attachment":[{"href":"https:\/\/eldiariodesanpedro.com.ar\/sitio\/wp-json\/wp\/v2\/media?parent=105478"}],"wp:term":[{"taxonomy":"category","embeddable":true,"href":"https:\/\/eldiariodesanpedro.com.ar\/sitio\/wp-json\/wp\/v2\/categories?post=105478"},{"taxonomy":"post_tag","embeddable":true,"href":"https:\/\/eldiariodesanpedro.com.ar\/sitio\/wp-json\/wp\/v2\/tags?post=105478"}],"curies":[{"name":"wp","href":"https:\/\/api.w.org\/{rel}","templated":true}]}}