{"id":105471,"date":"2022-03-30T12:05:06","date_gmt":"2022-03-30T15:05:06","guid":{"rendered":"https:\/\/eldiariodesanpedro.com.ar\/sitio\/?p=105471"},"modified":"2022-03-30T12:05:07","modified_gmt":"2022-03-30T15:05:07","slug":"edicto-de-usucapion-de-gonzalez-maria-cristina-c-carrera-enrique-miguel-y-otros-s-prescripcion-adquisitiva-vicenal-usucapion","status":"publish","type":"post","link":"https:\/\/eldiariodesanpedro.com.ar\/sitio\/edicto-de-usucapion-de-gonzalez-maria-cristina-c-carrera-enrique-miguel-y-otros-s-prescripcion-adquisitiva-vicenal-usucapion\/","title":{"rendered":"Edicto de Usucapion de Gonzalez, Maria Cristina C\/ Carrera, Enrique Miguel Y Otros S\/Prescripcion Adquisitiva Vicenal \/ Usucapion"},"content":{"rendered":"<!-- VideographyWP Plugin Message: Automatic video embedding prevented by plugin options. -->\n\n<p>El Juzgado de Paz Letrado de San Pedro, a cargo del Dr. Jos\u00e9 Ignacio Macchia, Secretar\u00eda \u00danica, a cargo del Dr. Facundo Vell\u00f3n, del Departamento Judicial de San Nicol\u00e1s, en autos: <strong>\\Gonzalez, Maria Cristina C\/ Carrera, Enrique Miguel Y Otros S\/Prescripcion Adquisitiva Vicenal \/ Usucapion\\<\/strong> Expte. SUM-41-21, cita y emplaza a <strong>Nestor Horacio Castillo, Enrique Miguel Carreras, Jorge Orlando Garibaldi, Edgardo Roberto Garibaldi, Sandra Marcela Hainez<\/strong> y\/o sus herederos y\/o quienes se consideren con derechos al inmueble que se intenta prescribir sito en calle Padre Santana N\u00b01445 (entre las calles Libertad, Independencia, Joaqu\u00edn V. Gonzalez y Padre Santana) de la Ciudad de San Pedro, Provincia de Buenos Aires, y cuyos datos son: NOMENCLATURA CATASTRAL: Cir-I, Secc- J, Quinta 128, Manz-128d, Parc-8 de la ciudad de San Pedro, para que dentro del plazo de diez d\u00edas comparezcan a estos autos a estar a derecho bajo apercibimiento de que si no lo hicieren se nombrar\u00e1 Defensor Oficial para que los represente (arts. 681 y 682 C.P.C.C).- San Pedro, 30 de Marzo de 2022.-<\/p>\n\n\n\n<p>FACUNDO VELL\u00d3N<br>ABOGADO SECRETARIO<\/p>\n\n\n\n<p>(Publicaci\u00f3n V\u00e1lida por los d\u00edas 30 y 31 de Marzo)<br><a href=\"https:\/\/notificaciones.scba.gov.ar\/verificarnotificacion.aspx?codNotif=1ZY97Q\">https:\/\/notificaciones.scba.gov.ar\/verificarnotificacion.aspx?codNotif=1ZY97Q<\/a><\/p>\n","protected":false},"excerpt":{"rendered":"<p>El Juzgado de Paz Letrado de San Pedro, a cargo del Dr. Jos\u00e9 Ignacio Macchia, Secretar\u00eda \u00danica, a cargo del Dr. Facundo Vell\u00f3n, del Departamento Judicial de San Nicol\u00e1s, en autos: \\Gonzalez, Maria Cristina C\/ Carrera, Enrique Miguel Y Otros S\/Prescripcion Adquisitiva Vicenal \/ Usucapion\\ Expte. SUM-41-21, cita y emplaza a Nestor Horacio Castillo, Enrique [&hellip;]<\/p>\n","protected":false},"author":4,"featured_media":102746,"comment_status":"closed","ping_status":"closed","sticky":false,"template":"","format":"standard","meta":{"om_disable_all_campaigns":false,"_jetpack_memberships_contains_paid_content":false,"footnotes":""},"categories":[676,1124],"tags":[197,1121,2805,2807,1355,2806,19],"class_list":["post-105471","post","type-post","status-publish","format-standard","has-post-thumbnail","hentry","category-edictos","category-edictos-especiales","tag-buenos-aires","tag-edicto","tag-edicto-de-usucapion-de-gonzalez","tag-enrique-miguel-y-otros-s-prescripcion-adquisitiva-vicenal-usucapion","tag-judiciales","tag-maria-cristina-c-carrera","tag-san-pedro"],"aioseo_notices":[],"gutentor_comment":0,"jetpack_featured_media_url":"https:\/\/eldiariodesanpedro.com.ar\/sitio\/wp-content\/uploads\/2022\/01\/EDICTO.jpg","jetpack_shortlink":"https:\/\/wp.me\/p6RhLt-rr9","jetpack_sharing_enabled":true,"_links":{"self":[{"href":"https:\/\/eldiariodesanpedro.com.ar\/sitio\/wp-json\/wp\/v2\/posts\/105471","targetHints":{"allow":["GET"]}}],"collection":[{"href":"https:\/\/eldiariodesanpedro.com.ar\/sitio\/wp-json\/wp\/v2\/posts"}],"about":[{"href":"https:\/\/eldiariodesanpedro.com.ar\/sitio\/wp-json\/wp\/v2\/types\/post"}],"author":[{"embeddable":true,"href":"https:\/\/eldiariodesanpedro.com.ar\/sitio\/wp-json\/wp\/v2\/users\/4"}],"replies":[{"embeddable":true,"href":"https:\/\/eldiariodesanpedro.com.ar\/sitio\/wp-json\/wp\/v2\/comments?post=105471"}],"version-history":[{"count":1,"href":"https:\/\/eldiariodesanpedro.com.ar\/sitio\/wp-json\/wp\/v2\/posts\/105471\/revisions"}],"predecessor-version":[{"id":105472,"href":"https:\/\/eldiariodesanpedro.com.ar\/sitio\/wp-json\/wp\/v2\/posts\/105471\/revisions\/105472"}],"wp:featuredmedia":[{"embeddable":true,"href":"https:\/\/eldiariodesanpedro.com.ar\/sitio\/wp-json\/wp\/v2\/media\/102746"}],"wp:attachment":[{"href":"https:\/\/eldiariodesanpedro.com.ar\/sitio\/wp-json\/wp\/v2\/media?parent=105471"}],"wp:term":[{"taxonomy":"category","embeddable":true,"href":"https:\/\/eldiariodesanpedro.com.ar\/sitio\/wp-json\/wp\/v2\/categories?post=105471"},{"taxonomy":"post_tag","embeddable":true,"href":"https:\/\/eldiariodesanpedro.com.ar\/sitio\/wp-json\/wp\/v2\/tags?post=105471"}],"curies":[{"name":"wp","href":"https:\/\/api.w.org\/{rel}","templated":true}]}}