{"id":105468,"date":"2022-03-30T10:46:32","date_gmt":"2022-03-30T13:46:32","guid":{"rendered":"https:\/\/eldiariodesanpedro.com.ar\/sitio\/?p=105468"},"modified":"2022-03-30T10:46:33","modified_gmt":"2022-03-30T13:46:33","slug":"muestra-de-esculturas-en-alambre-en-la-biblioteca%ef%bf%bc","status":"publish","type":"post","link":"https:\/\/eldiariodesanpedro.com.ar\/sitio\/muestra-de-esculturas-en-alambre-en-la-biblioteca%ef%bf%bc\/","title":{"rendered":"Muestra de esculturas en alambre en la Biblioteca\ufffc"},"content":{"rendered":"<!-- VideographyWP Plugin Message: Automatic video embedding prevented by plugin options. -->\n\n<p>En el marco de las actividades por los 150 a\u00f1os de la Biblioteca Popular Rafael Obligado, este s\u00e1bado se presentar\u00e1 la muestra \u00abEsculturas en alambre\u00bb, de Roberto Ballerini.<\/p>\n\n\n\n<p>Se trata de la segunda exposici\u00f3n de artistas amateur que organiza la instituci\u00f3n sampedrina.<a><\/a><\/p>\n\n\n\n<p>En esta ocasi\u00f3n, Ballerini muestra su arte, que comenz\u00f3 durante la pandemia de 2020, logrando convertir el confinamiento en expresi\u00f3n art\u00edstica.<\/p>\n\n\n\n<p>La inauguraci\u00f3n ser\u00e1 el s\u00e1bado 2 de abril a las 20:30h.&nbsp;<\/p>\n","protected":false},"excerpt":{"rendered":"<p>En el marco de las actividades por los 150 a\u00f1os de la Biblioteca Popular Rafael Obligado, este s\u00e1bado se presentar\u00e1 la muestra \u00abEsculturas en alambre\u00bb, de Roberto Ballerini. Se trata de la segunda exposici\u00f3n de artistas amateur que organiza la instituci\u00f3n sampedrina. En esta ocasi\u00f3n, Ballerini muestra su arte, que comenz\u00f3 durante la pandemia de [&hellip;]<\/p>\n","protected":false},"author":4,"featured_media":105469,"comment_status":"closed","ping_status":"closed","sticky":false,"template":"","format":"standard","meta":{"om_disable_all_campaigns":false,"_jetpack_memberships_contains_paid_content":false,"footnotes":""},"categories":[101,2],"tags":[197,696,33,19],"class_list":["post-105468","post","type-post","status-publish","format-standard","has-post-thumbnail","hentry","category-interes-general-locales","category-locales","tag-buenos-aires","tag-interes-general","tag-locales","tag-san-pedro"],"aioseo_notices":[],"gutentor_comment":0,"jetpack_featured_media_url":"https:\/\/eldiariodesanpedro.com.ar\/sitio\/wp-content\/uploads\/2022\/03\/muestra-Ballerini.jpg","jetpack_shortlink":"https:\/\/wp.me\/p6RhLt-rr6","jetpack_sharing_enabled":true,"_links":{"self":[{"href":"https:\/\/eldiariodesanpedro.com.ar\/sitio\/wp-json\/wp\/v2\/posts\/105468","targetHints":{"allow":["GET"]}}],"collection":[{"href":"https:\/\/eldiariodesanpedro.com.ar\/sitio\/wp-json\/wp\/v2\/posts"}],"about":[{"href":"https:\/\/eldiariodesanpedro.com.ar\/sitio\/wp-json\/wp\/v2\/types\/post"}],"author":[{"embeddable":true,"href":"https:\/\/eldiariodesanpedro.com.ar\/sitio\/wp-json\/wp\/v2\/users\/4"}],"replies":[{"embeddable":true,"href":"https:\/\/eldiariodesanpedro.com.ar\/sitio\/wp-json\/wp\/v2\/comments?post=105468"}],"version-history":[{"count":1,"href":"https:\/\/eldiariodesanpedro.com.ar\/sitio\/wp-json\/wp\/v2\/posts\/105468\/revisions"}],"predecessor-version":[{"id":105470,"href":"https:\/\/eldiariodesanpedro.com.ar\/sitio\/wp-json\/wp\/v2\/posts\/105468\/revisions\/105470"}],"wp:featuredmedia":[{"embeddable":true,"href":"https:\/\/eldiariodesanpedro.com.ar\/sitio\/wp-json\/wp\/v2\/media\/105469"}],"wp:attachment":[{"href":"https:\/\/eldiariodesanpedro.com.ar\/sitio\/wp-json\/wp\/v2\/media?parent=105468"}],"wp:term":[{"taxonomy":"category","embeddable":true,"href":"https:\/\/eldiariodesanpedro.com.ar\/sitio\/wp-json\/wp\/v2\/categories?post=105468"},{"taxonomy":"post_tag","embeddable":true,"href":"https:\/\/eldiariodesanpedro.com.ar\/sitio\/wp-json\/wp\/v2\/tags?post=105468"}],"curies":[{"name":"wp","href":"https:\/\/api.w.org\/{rel}","templated":true}]}}