{"id":105465,"date":"2022-03-30T10:37:52","date_gmt":"2022-03-30T13:37:52","guid":{"rendered":"https:\/\/eldiariodesanpedro.com.ar\/sitio\/?p=105465"},"modified":"2022-03-30T10:37:53","modified_gmt":"2022-03-30T13:37:53","slug":"se-secuestraron-seis-motocicletas-y-un-automovil-en-operativos","status":"publish","type":"post","link":"https:\/\/eldiariodesanpedro.com.ar\/sitio\/se-secuestraron-seis-motocicletas-y-un-automovil-en-operativos\/","title":{"rendered":"Se secuestraron seis motocicletas y un autom\u00f3vil en operativos"},"content":{"rendered":"<!-- VideographyWP Plugin Message: Automatic video embedding prevented by plugin options. -->\n\n<p>En la jornada de ayer la Direcci\u00f3n de Tr\u00e1nsito en conjunto con la polic\u00eda local realiz\u00f3 controles de autom\u00f3viles y motocicletas en diferentes puntos de la ciudad.<\/p>\n\n\n\n<p>Uno de los operativos se realiz\u00f3 en calle Mitre y Am\u00e9rica donde se secuestraron 6 motocicletas y un autom\u00f3vil por carencias de documentaci\u00f3n.<\/p>\n\n\n\n<p>Los rodados fueron trasladados al dep\u00f3sito municipal quedando a la intervenci\u00f3n del tribunal de faltas local.<\/p>\n","protected":false},"excerpt":{"rendered":"<p>En la jornada de ayer la Direcci\u00f3n de Tr\u00e1nsito en conjunto con la polic\u00eda local realiz\u00f3 controles de autom\u00f3viles y motocicletas en diferentes puntos de la ciudad. Uno de los operativos se realiz\u00f3 en calle Mitre y Am\u00e9rica donde se secuestraron 6 motocicletas y un autom\u00f3vil por carencias de documentaci\u00f3n. Los rodados fueron trasladados al [&hellip;]<\/p>\n","protected":false},"author":4,"featured_media":105466,"comment_status":"closed","ping_status":"closed","sticky":false,"template":"","format":"standard","meta":{"om_disable_all_campaigns":false,"_jetpack_memberships_contains_paid_content":false,"footnotes":""},"categories":[2,103],"tags":[197,33,95,19],"class_list":["post-105465","post","type-post","status-publish","format-standard","has-post-thumbnail","hentry","category-locales","category-policiales-locales","tag-buenos-aires","tag-locales","tag-policiales","tag-san-pedro"],"aioseo_notices":[],"gutentor_comment":0,"jetpack_featured_media_url":"https:\/\/eldiariodesanpedro.com.ar\/sitio\/wp-content\/uploads\/2022\/03\/medida-9.jpg","jetpack_shortlink":"https:\/\/wp.me\/p6RhLt-rr3","jetpack_sharing_enabled":true,"_links":{"self":[{"href":"https:\/\/eldiariodesanpedro.com.ar\/sitio\/wp-json\/wp\/v2\/posts\/105465","targetHints":{"allow":["GET"]}}],"collection":[{"href":"https:\/\/eldiariodesanpedro.com.ar\/sitio\/wp-json\/wp\/v2\/posts"}],"about":[{"href":"https:\/\/eldiariodesanpedro.com.ar\/sitio\/wp-json\/wp\/v2\/types\/post"}],"author":[{"embeddable":true,"href":"https:\/\/eldiariodesanpedro.com.ar\/sitio\/wp-json\/wp\/v2\/users\/4"}],"replies":[{"embeddable":true,"href":"https:\/\/eldiariodesanpedro.com.ar\/sitio\/wp-json\/wp\/v2\/comments?post=105465"}],"version-history":[{"count":1,"href":"https:\/\/eldiariodesanpedro.com.ar\/sitio\/wp-json\/wp\/v2\/posts\/105465\/revisions"}],"predecessor-version":[{"id":105467,"href":"https:\/\/eldiariodesanpedro.com.ar\/sitio\/wp-json\/wp\/v2\/posts\/105465\/revisions\/105467"}],"wp:featuredmedia":[{"embeddable":true,"href":"https:\/\/eldiariodesanpedro.com.ar\/sitio\/wp-json\/wp\/v2\/media\/105466"}],"wp:attachment":[{"href":"https:\/\/eldiariodesanpedro.com.ar\/sitio\/wp-json\/wp\/v2\/media?parent=105465"}],"wp:term":[{"taxonomy":"category","embeddable":true,"href":"https:\/\/eldiariodesanpedro.com.ar\/sitio\/wp-json\/wp\/v2\/categories?post=105465"},{"taxonomy":"post_tag","embeddable":true,"href":"https:\/\/eldiariodesanpedro.com.ar\/sitio\/wp-json\/wp\/v2\/tags?post=105465"}],"curies":[{"name":"wp","href":"https:\/\/api.w.org\/{rel}","templated":true}]}}