{"id":105462,"date":"2022-03-30T10:00:28","date_gmt":"2022-03-30T13:00:28","guid":{"rendered":"https:\/\/eldiariodesanpedro.com.ar\/sitio\/?p=105462"},"modified":"2022-03-30T10:00:29","modified_gmt":"2022-03-30T13:00:29","slug":"una-moto-colisiono-contra-la-grua-de-la-direccion-de-transito","status":"publish","type":"post","link":"https:\/\/eldiariodesanpedro.com.ar\/sitio\/una-moto-colisiono-contra-la-grua-de-la-direccion-de-transito\/","title":{"rendered":"Una moto colisiono contra la gr\u00faa de la Direcci\u00f3n de Transito"},"content":{"rendered":"<!-- VideographyWP Plugin Message: Automatic video embedding prevented by plugin options. -->\n\n<p>En la jornada de ayer pasadas las 17 horas, el personal policial de la localidad alertado por un llamado acude a calle Cruz Roja Argentina y Doctor Ruffa, donde por razones que se tratan de establecer colision\u00f3 una motocicleta conducida por masculino de 19 a\u00f1os de edad y la gr\u00faa perteneciente a la Direcci\u00f3n de Transito, conducido por un inspector de 31 a\u00f1os de edad.\u00a0<\/p>\n\n\n\n<p>Como resultado del impacto el conductor de la motocicleta fue trasladado por el servicio emergencias m\u00e9dicas, constatando posteriormente que posee trauma y lesi\u00f3n miembro inferior.\u00a0\u00a0<\/p>\n","protected":false},"excerpt":{"rendered":"<p>En la jornada de ayer pasadas las 17 horas, el personal policial de la localidad alertado por un llamado acude a calle Cruz Roja Argentina y Doctor Ruffa, donde por razones que se tratan de establecer colision\u00f3 una motocicleta conducida por masculino de 19 a\u00f1os de edad y la gr\u00faa perteneciente a la Direcci\u00f3n de [&hellip;]<\/p>\n","protected":false},"author":4,"featured_media":105463,"comment_status":"closed","ping_status":"closed","sticky":false,"template":"","format":"standard","meta":{"om_disable_all_campaigns":false,"_jetpack_memberships_contains_paid_content":false,"footnotes":""},"categories":[50,101,2],"tags":[197,696,33,19,2804],"class_list":["post-105462","post","type-post","status-publish","format-standard","has-post-thumbnail","hentry","category-destacadas","category-interes-general-locales","category-locales","tag-buenos-aires","tag-interes-general","tag-locales","tag-san-pedro","tag-una-moto-colisiono-contra-la-grua-de-la-direccion-de-transito"],"aioseo_notices":[],"gutentor_comment":0,"jetpack_featured_media_url":"https:\/\/eldiariodesanpedro.com.ar\/sitio\/wp-content\/uploads\/2022\/03\/WhatsApp-Image-2022-03-30-at-9.50.58-AM.jpeg","jetpack_shortlink":"https:\/\/wp.me\/p6RhLt-rr0","jetpack_sharing_enabled":true,"_links":{"self":[{"href":"https:\/\/eldiariodesanpedro.com.ar\/sitio\/wp-json\/wp\/v2\/posts\/105462","targetHints":{"allow":["GET"]}}],"collection":[{"href":"https:\/\/eldiariodesanpedro.com.ar\/sitio\/wp-json\/wp\/v2\/posts"}],"about":[{"href":"https:\/\/eldiariodesanpedro.com.ar\/sitio\/wp-json\/wp\/v2\/types\/post"}],"author":[{"embeddable":true,"href":"https:\/\/eldiariodesanpedro.com.ar\/sitio\/wp-json\/wp\/v2\/users\/4"}],"replies":[{"embeddable":true,"href":"https:\/\/eldiariodesanpedro.com.ar\/sitio\/wp-json\/wp\/v2\/comments?post=105462"}],"version-history":[{"count":1,"href":"https:\/\/eldiariodesanpedro.com.ar\/sitio\/wp-json\/wp\/v2\/posts\/105462\/revisions"}],"predecessor-version":[{"id":105464,"href":"https:\/\/eldiariodesanpedro.com.ar\/sitio\/wp-json\/wp\/v2\/posts\/105462\/revisions\/105464"}],"wp:featuredmedia":[{"embeddable":true,"href":"https:\/\/eldiariodesanpedro.com.ar\/sitio\/wp-json\/wp\/v2\/media\/105463"}],"wp:attachment":[{"href":"https:\/\/eldiariodesanpedro.com.ar\/sitio\/wp-json\/wp\/v2\/media?parent=105462"}],"wp:term":[{"taxonomy":"category","embeddable":true,"href":"https:\/\/eldiariodesanpedro.com.ar\/sitio\/wp-json\/wp\/v2\/categories?post=105462"},{"taxonomy":"post_tag","embeddable":true,"href":"https:\/\/eldiariodesanpedro.com.ar\/sitio\/wp-json\/wp\/v2\/tags?post=105462"}],"curies":[{"name":"wp","href":"https:\/\/api.w.org\/{rel}","templated":true}]}}