{"id":105460,"date":"2022-03-30T09:53:04","date_gmt":"2022-03-30T12:53:04","guid":{"rendered":"https:\/\/eldiariodesanpedro.com.ar\/sitio\/?p=105460"},"modified":"2022-03-30T09:53:05","modified_gmt":"2022-03-30T12:53:05","slug":"dejo-su-celular-en-un-comercio-y-se-lo-robaron","status":"publish","type":"post","link":"https:\/\/eldiariodesanpedro.com.ar\/sitio\/dejo-su-celular-en-un-comercio-y-se-lo-robaron\/","title":{"rendered":"Dejo su celular en un comercio y se lo robaron"},"content":{"rendered":"<!-- VideographyWP Plugin Message: Automatic video embedding prevented by plugin options. -->\n\n<p>Este martes en horas de la tarde un ciudadano de 30 a\u00f1os se hace presente en la comisar\u00eda local para realizar una denuncia, quien manifiesta que dej\u00f3 su celular en mostrador de comercio ubicado en Sarmiento Nro. 1800 que se encontraba abierto al p\u00fablico, y al regresar por el mismo pasados unos minutos constata que se lo sustrajeron .&nbsp;<\/p>\n\n\n\n<p>Investiga la Fiscal\u00eda Nro. 07.-<\/p>\n","protected":false},"excerpt":{"rendered":"<p>Este martes en horas de la tarde un ciudadano de 30 a\u00f1os se hace presente en la comisar\u00eda local para realizar una denuncia, quien manifiesta que dej\u00f3 su celular en mostrador de comercio ubicado en Sarmiento Nro. 1800 que se encontraba abierto al p\u00fablico, y al regresar por el mismo pasados unos minutos constata que [&hellip;]<\/p>\n","protected":false},"author":4,"featured_media":16989,"comment_status":"closed","ping_status":"closed","sticky":false,"template":"","format":"standard","meta":{"om_disable_all_campaigns":false,"_jetpack_memberships_contains_paid_content":false,"footnotes":""},"categories":[2,103],"tags":[197,33,95,19],"class_list":["post-105460","post","type-post","status-publish","format-standard","has-post-thumbnail","hentry","category-locales","category-policiales-locales","tag-buenos-aires","tag-locales","tag-policiales","tag-san-pedro"],"aioseo_notices":[],"gutentor_comment":0,"jetpack_featured_media_url":"https:\/\/eldiariodesanpedro.com.ar\/sitio\/wp-content\/uploads\/2017\/04\/DSC_0221-e1492514769862.jpg","jetpack_shortlink":"https:\/\/wp.me\/p6RhLt-rqY","jetpack_sharing_enabled":true,"_links":{"self":[{"href":"https:\/\/eldiariodesanpedro.com.ar\/sitio\/wp-json\/wp\/v2\/posts\/105460","targetHints":{"allow":["GET"]}}],"collection":[{"href":"https:\/\/eldiariodesanpedro.com.ar\/sitio\/wp-json\/wp\/v2\/posts"}],"about":[{"href":"https:\/\/eldiariodesanpedro.com.ar\/sitio\/wp-json\/wp\/v2\/types\/post"}],"author":[{"embeddable":true,"href":"https:\/\/eldiariodesanpedro.com.ar\/sitio\/wp-json\/wp\/v2\/users\/4"}],"replies":[{"embeddable":true,"href":"https:\/\/eldiariodesanpedro.com.ar\/sitio\/wp-json\/wp\/v2\/comments?post=105460"}],"version-history":[{"count":1,"href":"https:\/\/eldiariodesanpedro.com.ar\/sitio\/wp-json\/wp\/v2\/posts\/105460\/revisions"}],"predecessor-version":[{"id":105461,"href":"https:\/\/eldiariodesanpedro.com.ar\/sitio\/wp-json\/wp\/v2\/posts\/105460\/revisions\/105461"}],"wp:featuredmedia":[{"embeddable":true,"href":"https:\/\/eldiariodesanpedro.com.ar\/sitio\/wp-json\/wp\/v2\/media\/16989"}],"wp:attachment":[{"href":"https:\/\/eldiariodesanpedro.com.ar\/sitio\/wp-json\/wp\/v2\/media?parent=105460"}],"wp:term":[{"taxonomy":"category","embeddable":true,"href":"https:\/\/eldiariodesanpedro.com.ar\/sitio\/wp-json\/wp\/v2\/categories?post=105460"},{"taxonomy":"post_tag","embeddable":true,"href":"https:\/\/eldiariodesanpedro.com.ar\/sitio\/wp-json\/wp\/v2\/tags?post=105460"}],"curies":[{"name":"wp","href":"https:\/\/api.w.org\/{rel}","templated":true}]}}