{"id":105454,"date":"2022-03-29T19:48:43","date_gmt":"2022-03-29T22:48:43","guid":{"rendered":"https:\/\/eldiariodesanpedro.com.ar\/sitio\/?p=105454"},"modified":"2022-03-29T19:48:43","modified_gmt":"2022-03-29T22:48:43","slug":"edicto-de-solicitud-de-excedentes-fiscal-de-victorio-nestor-garcia%ef%bf%bc","status":"publish","type":"post","link":"https:\/\/eldiariodesanpedro.com.ar\/sitio\/edicto-de-solicitud-de-excedentes-fiscal-de-victorio-nestor-garcia%ef%bf%bc\/","title":{"rendered":"Edicto de Solicitud de Excedentes Fiscal de Victorio N\u00e9stor Garc\u00eda\ufffc"},"content":{"rendered":"<!-- VideographyWP Plugin Message: Automatic video embedding prevented by plugin options. -->\n\n<p>El se\u00f1or <strong>Victorio N\u00e9stor Garc\u00eda<\/strong>, por el t\u00e9rmino de Ley, hace saber, que adquiere en virtud de la Ley 9.533, el excedente sito en esta Ciudad y Partido de San Pedro, designado en el plano 99-12-2020 como PARCELA DOS n&nbsp; de la MANZANA CUATROCIENTOS TREINTA Y CINCO.- Nomenclatura Catastral: Circunscripci\u00f3n 1, Secci\u00f3n F, Manzana 435, Parcela 2n. La escritura se otorgar\u00e1 ante la Escribana de la ciudad de San Pedro, Mar\u00eda Andrea S\u00e1nchez Negrete, con domicilio en calle 25 de Mayo 599, ante la cual se podr\u00e1n formular oposiciones.-&nbsp;&nbsp;<\/p>\n\n\n\n<p>(Publicaci\u00f3n V\u00e1lida por los d\u00edas 29, 30 y 31 de Marzo)<\/p>\n","protected":false},"excerpt":{"rendered":"<p>El se\u00f1or Victorio N\u00e9stor Garc\u00eda, por el t\u00e9rmino de Ley, hace saber, que adquiere en virtud de la Ley 9.533, el excedente sito en esta Ciudad y Partido de San Pedro, designado en el plano 99-12-2020 como PARCELA DOS n&nbsp; de la MANZANA CUATROCIENTOS TREINTA Y CINCO.- Nomenclatura Catastral: Circunscripci\u00f3n 1, Secci\u00f3n F, Manzana 435, [&hellip;]<\/p>\n","protected":false},"author":4,"featured_media":81115,"comment_status":"closed","ping_status":"closed","sticky":false,"template":"","format":"standard","meta":{"om_disable_all_campaigns":false,"_jetpack_memberships_contains_paid_content":false,"footnotes":""},"categories":[676,1124],"tags":[197,1121,2803,1355,33,19],"class_list":["post-105454","post","type-post","status-publish","format-standard","has-post-thumbnail","hentry","category-edictos","category-edictos-especiales","tag-buenos-aires","tag-edicto","tag-edicto-de-solicitud-de-excedentes-fiscal-de-victorio-nestor-garcia","tag-judiciales","tag-locales","tag-san-pedro"],"aioseo_notices":[],"gutentor_comment":0,"jetpack_featured_media_url":"https:\/\/eldiariodesanpedro.com.ar\/sitio\/wp-content\/uploads\/2020\/09\/Poder-Judicial.jpg","jetpack_shortlink":"https:\/\/wp.me\/p6RhLt-rqS","jetpack_sharing_enabled":true,"_links":{"self":[{"href":"https:\/\/eldiariodesanpedro.com.ar\/sitio\/wp-json\/wp\/v2\/posts\/105454","targetHints":{"allow":["GET"]}}],"collection":[{"href":"https:\/\/eldiariodesanpedro.com.ar\/sitio\/wp-json\/wp\/v2\/posts"}],"about":[{"href":"https:\/\/eldiariodesanpedro.com.ar\/sitio\/wp-json\/wp\/v2\/types\/post"}],"author":[{"embeddable":true,"href":"https:\/\/eldiariodesanpedro.com.ar\/sitio\/wp-json\/wp\/v2\/users\/4"}],"replies":[{"embeddable":true,"href":"https:\/\/eldiariodesanpedro.com.ar\/sitio\/wp-json\/wp\/v2\/comments?post=105454"}],"version-history":[{"count":1,"href":"https:\/\/eldiariodesanpedro.com.ar\/sitio\/wp-json\/wp\/v2\/posts\/105454\/revisions"}],"predecessor-version":[{"id":105455,"href":"https:\/\/eldiariodesanpedro.com.ar\/sitio\/wp-json\/wp\/v2\/posts\/105454\/revisions\/105455"}],"wp:featuredmedia":[{"embeddable":true,"href":"https:\/\/eldiariodesanpedro.com.ar\/sitio\/wp-json\/wp\/v2\/media\/81115"}],"wp:attachment":[{"href":"https:\/\/eldiariodesanpedro.com.ar\/sitio\/wp-json\/wp\/v2\/media?parent=105454"}],"wp:term":[{"taxonomy":"category","embeddable":true,"href":"https:\/\/eldiariodesanpedro.com.ar\/sitio\/wp-json\/wp\/v2\/categories?post=105454"},{"taxonomy":"post_tag","embeddable":true,"href":"https:\/\/eldiariodesanpedro.com.ar\/sitio\/wp-json\/wp\/v2\/tags?post=105454"}],"curies":[{"name":"wp","href":"https:\/\/api.w.org\/{rel}","templated":true}]}}