{"id":10545,"date":"2016-11-22T19:02:20","date_gmt":"2016-11-22T22:02:20","guid":{"rendered":"https:\/\/eldiariodesanpedro.com.ar\/sitio\/?p=10545"},"modified":"2016-11-22T19:02:20","modified_gmt":"2016-11-22T22:02:20","slug":"zarate-estaba-borracho-trato-de-recuperar-su-licencia-secuestrada-y-lastimo-a-dos-efectivos-de-la-policia-local","status":"publish","type":"post","link":"https:\/\/eldiariodesanpedro.com.ar\/sitio\/zarate-estaba-borracho-trato-de-recuperar-su-licencia-secuestrada-y-lastimo-a-dos-efectivos-de-la-policia-local\/","title":{"rendered":"Z\u00c1RATE: Estaba borracho, trat\u00f3 de recuperar su licencia secuestrada y lastim\u00f3 a dos efectivos de la Polic\u00eda Local"},"content":{"rendered":"<p><!-- VideographyWP Plugin Message: Automatic video embedding prevented by plugin options. --><br \/>\nUn hombre de 48 a\u00f1os, que manejaba un Peugeot 504, fue infraccionado este viernes por la noche por circular en estado de ebriedad. El informe final revel\u00f3 que ten\u00eda casi el triple m\u00e1s de lo permitido, por lo que se le secuestr\u00f3 la licencia de conducir y un familiar pudo retirar el veh\u00edculo. Ocurri\u00f3 en calle 10 al 200.<\/p>\n<p>Momentos m\u00e1s tarde, el mismo autom\u00f3vil se coloc\u00f3 a la par de un patrullero de la Polic\u00eda Local de Z\u00e1rate, efectuando maniobras peligrosas y tratando de detener la marcha de los uniformados. Ya obstaculizado el paso, el sujeto se torn\u00f3 agresivo y comenz\u00f3 a golpear con sus pu\u00f1os a los oficiales, exigiendo la devoluci\u00f3n de su carnet.<\/p>\n<p>De inmediato se solicitaron refuerzos para poner fin a la lamentable situaci\u00f3n. Dos polic\u00edas recibieron heridas de consideraci\u00f3n en brazos, hombros y caras, y actualmente est\u00e1n bajo observaci\u00f3n m\u00e9dica.<\/p>\n<p>La causa est\u00e1 caratulada como \u201cresistencia a la autoridad y lesiones\u201d.<\/p>\n","protected":false},"excerpt":{"rendered":"<p>Un hombre de 48 a\u00f1os, que manejaba un Peugeot 504, fue infraccionado este viernes por la noche por circular en estado de ebriedad. El informe final revel\u00f3 que ten\u00eda casi el triple m\u00e1s de lo permitido, por lo que se le secuestr\u00f3 la licencia de conducir y un familiar pudo retirar el veh\u00edculo. Ocurri\u00f3 en [&hellip;]<\/p>\n","protected":false},"author":4,"featured_media":9455,"comment_status":"open","ping_status":"closed","sticky":false,"template":"","format":"standard","meta":{"om_disable_all_campaigns":false,"_jetpack_memberships_contains_paid_content":false,"footnotes":""},"categories":[621],"tags":[],"class_list":["post-10545","post","type-post","status-publish","format-standard","has-post-thumbnail","hentry","category-regionales"],"aioseo_notices":[],"gutentor_comment":0,"jetpack_featured_media_url":"https:\/\/eldiariodesanpedro.com.ar\/sitio\/wp-content\/uploads\/2016\/10\/patrullero-policial..jpg","jetpack_shortlink":"https:\/\/wp.me\/p6RhLt-2K5","jetpack_sharing_enabled":true,"_links":{"self":[{"href":"https:\/\/eldiariodesanpedro.com.ar\/sitio\/wp-json\/wp\/v2\/posts\/10545","targetHints":{"allow":["GET"]}}],"collection":[{"href":"https:\/\/eldiariodesanpedro.com.ar\/sitio\/wp-json\/wp\/v2\/posts"}],"about":[{"href":"https:\/\/eldiariodesanpedro.com.ar\/sitio\/wp-json\/wp\/v2\/types\/post"}],"author":[{"embeddable":true,"href":"https:\/\/eldiariodesanpedro.com.ar\/sitio\/wp-json\/wp\/v2\/users\/4"}],"replies":[{"embeddable":true,"href":"https:\/\/eldiariodesanpedro.com.ar\/sitio\/wp-json\/wp\/v2\/comments?post=10545"}],"version-history":[{"count":1,"href":"https:\/\/eldiariodesanpedro.com.ar\/sitio\/wp-json\/wp\/v2\/posts\/10545\/revisions"}],"predecessor-version":[{"id":10546,"href":"https:\/\/eldiariodesanpedro.com.ar\/sitio\/wp-json\/wp\/v2\/posts\/10545\/revisions\/10546"}],"wp:featuredmedia":[{"embeddable":true,"href":"https:\/\/eldiariodesanpedro.com.ar\/sitio\/wp-json\/wp\/v2\/media\/9455"}],"wp:attachment":[{"href":"https:\/\/eldiariodesanpedro.com.ar\/sitio\/wp-json\/wp\/v2\/media?parent=10545"}],"wp:term":[{"taxonomy":"category","embeddable":true,"href":"https:\/\/eldiariodesanpedro.com.ar\/sitio\/wp-json\/wp\/v2\/categories?post=10545"},{"taxonomy":"post_tag","embeddable":true,"href":"https:\/\/eldiariodesanpedro.com.ar\/sitio\/wp-json\/wp\/v2\/tags?post=10545"}],"curies":[{"name":"wp","href":"https:\/\/api.w.org\/{rel}","templated":true}]}}