{"id":105444,"date":"2022-03-29T18:41:44","date_gmt":"2022-03-29T21:41:44","guid":{"rendered":"https:\/\/eldiariodesanpedro.com.ar\/sitio\/?p=105444"},"modified":"2022-03-29T18:41:44","modified_gmt":"2022-03-29T21:41:44","slug":"visita-de-funcionarios-del-ministerio-de-infraestructura-de-la-provincia-de-buenos-aires","status":"publish","type":"post","link":"https:\/\/eldiariodesanpedro.com.ar\/sitio\/visita-de-funcionarios-del-ministerio-de-infraestructura-de-la-provincia-de-buenos-aires\/","title":{"rendered":"Visita de funcionarios del Ministerio de Infraestructura de la Provincia de Buenos Aires"},"content":{"rendered":"<!-- VideographyWP Plugin Message: Automatic video embedding prevented by plugin options. -->\n\n<p>En la Secretar\u00eda de Obras P\u00fablicas, Planeamiento y Catastro de la Municipalidad de San Pedro, se concret\u00f3 hoy una importante reuni\u00f3n de trabajo con la visita del Licenciado Marcelo Carabajal, Director de Coordinaci\u00f3n y Monitoreo interjurisdiccional, y Alejandro Attie, Director de Acuerdos Locales, del Ministerio Infraestructura y Servicios P\u00fablicos de la Provincia de Buenos Aires.<\/p>\n\n\n\n<p>Los funcionarios, integrantes del equipo del Ministro Leonardo Nardini, participaron de este encuentro en el que se revisaron los detalles de los proyectos aprobados y en v\u00edas de aprobarse para el plan de pavimentaci\u00f3n que, en diferentes etapas, se comenzar\u00e1 a ejecutar en San Pedro y las localidades.<\/p>\n\n\n\n<p>Adem\u00e1s, form\u00f3 parte de la agenda el an\u00e1lisis del proyecto que ya cuenta con el visto bueno del gobierno bonaerense para la ampliaci\u00f3n del Laboratorio del Hospital Emilio Ruffa sobre el que habr\u00e1 novedades en breve.<\/p>\n\n\n\n<p>En los pr\u00f3ximos d\u00edas habr\u00e1 novedades sobre la firma de los respectivos convenios.<\/p>\n","protected":false},"excerpt":{"rendered":"<p>En la Secretar\u00eda de Obras P\u00fablicas, Planeamiento y Catastro de la Municipalidad de San Pedro, se concret\u00f3 hoy una importante reuni\u00f3n de trabajo con la visita del Licenciado Marcelo Carabajal, Director de Coordinaci\u00f3n y Monitoreo interjurisdiccional, y Alejandro Attie, Director de Acuerdos Locales, del Ministerio Infraestructura y Servicios P\u00fablicos de la Provincia de Buenos Aires. [&hellip;]<\/p>\n","protected":false},"author":4,"featured_media":105445,"comment_status":"closed","ping_status":"closed","sticky":false,"template":"","format":"standard","meta":{"om_disable_all_campaigns":false,"_jetpack_memberships_contains_paid_content":false,"footnotes":""},"categories":[50,101,2],"tags":[197,696,33,19],"class_list":["post-105444","post","type-post","status-publish","format-standard","has-post-thumbnail","hentry","category-destacadas","category-interes-general-locales","category-locales","tag-buenos-aires","tag-interes-general","tag-locales","tag-san-pedro"],"aioseo_notices":[],"gutentor_comment":0,"jetpack_featured_media_url":"https:\/\/eldiariodesanpedro.com.ar\/sitio\/wp-content\/uploads\/2022\/03\/WhatsApp-Image-2022-03-29-at-6.03.48-PM.jpeg","jetpack_shortlink":"https:\/\/wp.me\/p6RhLt-rqI","jetpack_sharing_enabled":true,"_links":{"self":[{"href":"https:\/\/eldiariodesanpedro.com.ar\/sitio\/wp-json\/wp\/v2\/posts\/105444","targetHints":{"allow":["GET"]}}],"collection":[{"href":"https:\/\/eldiariodesanpedro.com.ar\/sitio\/wp-json\/wp\/v2\/posts"}],"about":[{"href":"https:\/\/eldiariodesanpedro.com.ar\/sitio\/wp-json\/wp\/v2\/types\/post"}],"author":[{"embeddable":true,"href":"https:\/\/eldiariodesanpedro.com.ar\/sitio\/wp-json\/wp\/v2\/users\/4"}],"replies":[{"embeddable":true,"href":"https:\/\/eldiariodesanpedro.com.ar\/sitio\/wp-json\/wp\/v2\/comments?post=105444"}],"version-history":[{"count":1,"href":"https:\/\/eldiariodesanpedro.com.ar\/sitio\/wp-json\/wp\/v2\/posts\/105444\/revisions"}],"predecessor-version":[{"id":105446,"href":"https:\/\/eldiariodesanpedro.com.ar\/sitio\/wp-json\/wp\/v2\/posts\/105444\/revisions\/105446"}],"wp:featuredmedia":[{"embeddable":true,"href":"https:\/\/eldiariodesanpedro.com.ar\/sitio\/wp-json\/wp\/v2\/media\/105445"}],"wp:attachment":[{"href":"https:\/\/eldiariodesanpedro.com.ar\/sitio\/wp-json\/wp\/v2\/media?parent=105444"}],"wp:term":[{"taxonomy":"category","embeddable":true,"href":"https:\/\/eldiariodesanpedro.com.ar\/sitio\/wp-json\/wp\/v2\/categories?post=105444"},{"taxonomy":"post_tag","embeddable":true,"href":"https:\/\/eldiariodesanpedro.com.ar\/sitio\/wp-json\/wp\/v2\/tags?post=105444"}],"curies":[{"name":"wp","href":"https:\/\/api.w.org\/{rel}","templated":true}]}}