{"id":105441,"date":"2022-03-29T18:35:13","date_gmt":"2022-03-29T21:35:13","guid":{"rendered":"https:\/\/eldiariodesanpedro.com.ar\/sitio\/?p=105441"},"modified":"2022-03-29T18:35:14","modified_gmt":"2022-03-29T21:35:14","slug":"convenio-para-completar-la-repavimentacion-senalizar-y-colocar-luminarias-en-el-nuevo-acceso-a-gobernador-castro","status":"publish","type":"post","link":"https:\/\/eldiariodesanpedro.com.ar\/sitio\/convenio-para-completar-la-repavimentacion-senalizar-y-colocar-luminarias-en-el-nuevo-acceso-a-gobernador-castro\/","title":{"rendered":"Convenio para completar la repavimentaci\u00f3n, se\u00f1alizar y colocar luminarias en el nuevo acceso a Gobernador Castro"},"content":{"rendered":"<!-- VideographyWP Plugin Message: Automatic video embedding prevented by plugin options. -->\n\n<p>En las oficinas de Vialidad Nacional de la Ciudad de Buenos Aires, el Intendente Dr. Ram\u00f3n Salazar junto al ex Intendente y miembro del directorio de Trenes Argentinos Carga Cecilio Salazar, se firm\u00f3 el convenio para completar la obra de repavimentaci\u00f3n del acceso a la localidad de Gobernador Castro.<\/p>\n\n\n\n<p>En representaci\u00f3n del organismo nacional recibi\u00f3 a las autoridades sampedrinas, el Gerente Ejecutivo de Vialidad Nacional, Dr. Jorge Ruesga.<\/p>\n\n\n\n<p>El convenio enmarcado en el programa de Sostenimiento Vial de Redes Conexas para el fortalecimiento de la red troncal nacional comprende la continuaci\u00f3n del mismo tipo de pavimento que se construy\u00f3 en el acceso, en los 480 metros restantes hasta el cruce con las v\u00edas del Ferrocarril Mitre, la demarcaci\u00f3n, se\u00f1alizaci\u00f3n con elementos de seguridad de toda la traza y la colocaci\u00f3n de aproximadamente 60 luminarias en ese sector.<\/p>\n\n\n\n<p>Tras la firma de esta documentaci\u00f3n se iniciar\u00e1 el proceso para efectuar la licitaci\u00f3n para la ejecuci\u00f3n de la obra.<\/p>\n","protected":false},"excerpt":{"rendered":"<p>En las oficinas de Vialidad Nacional de la Ciudad de Buenos Aires, el Intendente Dr. Ram\u00f3n Salazar junto al ex Intendente y miembro del directorio de Trenes Argentinos Carga Cecilio Salazar, se firm\u00f3 el convenio para completar la obra de repavimentaci\u00f3n del acceso a la localidad de Gobernador Castro. En representaci\u00f3n del organismo nacional recibi\u00f3 [&hellip;]<\/p>\n","protected":false},"author":4,"featured_media":105442,"comment_status":"closed","ping_status":"closed","sticky":false,"template":"","format":"standard","meta":{"om_disable_all_campaigns":false,"_jetpack_memberships_contains_paid_content":false,"footnotes":""},"categories":[50,101,2],"tags":[197,696,33,19],"class_list":["post-105441","post","type-post","status-publish","format-standard","has-post-thumbnail","hentry","category-destacadas","category-interes-general-locales","category-locales","tag-buenos-aires","tag-interes-general","tag-locales","tag-san-pedro"],"aioseo_notices":[],"gutentor_comment":0,"jetpack_featured_media_url":"https:\/\/eldiariodesanpedro.com.ar\/sitio\/wp-content\/uploads\/2022\/03\/WhatsApp-Image-2022-03-29-at-3.04.11-PM.jpeg","jetpack_shortlink":"https:\/\/wp.me\/p6RhLt-rqF","jetpack_sharing_enabled":true,"_links":{"self":[{"href":"https:\/\/eldiariodesanpedro.com.ar\/sitio\/wp-json\/wp\/v2\/posts\/105441","targetHints":{"allow":["GET"]}}],"collection":[{"href":"https:\/\/eldiariodesanpedro.com.ar\/sitio\/wp-json\/wp\/v2\/posts"}],"about":[{"href":"https:\/\/eldiariodesanpedro.com.ar\/sitio\/wp-json\/wp\/v2\/types\/post"}],"author":[{"embeddable":true,"href":"https:\/\/eldiariodesanpedro.com.ar\/sitio\/wp-json\/wp\/v2\/users\/4"}],"replies":[{"embeddable":true,"href":"https:\/\/eldiariodesanpedro.com.ar\/sitio\/wp-json\/wp\/v2\/comments?post=105441"}],"version-history":[{"count":1,"href":"https:\/\/eldiariodesanpedro.com.ar\/sitio\/wp-json\/wp\/v2\/posts\/105441\/revisions"}],"predecessor-version":[{"id":105443,"href":"https:\/\/eldiariodesanpedro.com.ar\/sitio\/wp-json\/wp\/v2\/posts\/105441\/revisions\/105443"}],"wp:featuredmedia":[{"embeddable":true,"href":"https:\/\/eldiariodesanpedro.com.ar\/sitio\/wp-json\/wp\/v2\/media\/105442"}],"wp:attachment":[{"href":"https:\/\/eldiariodesanpedro.com.ar\/sitio\/wp-json\/wp\/v2\/media?parent=105441"}],"wp:term":[{"taxonomy":"category","embeddable":true,"href":"https:\/\/eldiariodesanpedro.com.ar\/sitio\/wp-json\/wp\/v2\/categories?post=105441"},{"taxonomy":"post_tag","embeddable":true,"href":"https:\/\/eldiariodesanpedro.com.ar\/sitio\/wp-json\/wp\/v2\/tags?post=105441"}],"curies":[{"name":"wp","href":"https:\/\/api.w.org\/{rel}","templated":true}]}}