{"id":105437,"date":"2022-03-29T17:42:08","date_gmt":"2022-03-29T20:42:08","guid":{"rendered":"https:\/\/eldiariodesanpedro.com.ar\/sitio\/?p=105437"},"modified":"2022-03-29T17:44:41","modified_gmt":"2022-03-29T20:44:41","slug":"compro-mercaderia-por-internet-y-fu-estafada","status":"publish","type":"post","link":"https:\/\/eldiariodesanpedro.com.ar\/sitio\/compro-mercaderia-por-internet-y-fu-estafada\/","title":{"rendered":"Compro mercader\u00eda por internet y fue estafada"},"content":{"rendered":"<!-- VideographyWP Plugin Message: Automatic video embedding prevented by plugin options. -->\n\n<p>Una comerciante de 41 a\u00f1os denunci\u00f3 que, semanas atr\u00e1s, fue estafada al realizar compras por internet a trav\u00e9s de dos tiendas de ropa online.&nbsp;<\/p>\n\n\n\n<p>Ambas transacciones fueron abonadas a trav\u00e9s de la aplicaci\u00f3n Mercado Pago, aunque no recibi\u00f3 la mercader\u00eda pactada.&nbsp;<a><\/a><\/p>\n\n\n\n<p>Posteriormente, constat\u00f3 que una de las tiendas es inexistente y que la restante existe pero los autores desconoc\u00edan que su p\u00e1gina web fue utilizada para perpetrar la estafa.&nbsp;<\/p>\n\n\n\n<p>La investigaci\u00f3n est\u00e1 a cargo de la UFI 7, cuya titular es la Dra. Mar\u00eda del Valle Viviani.&nbsp;<\/p>\n","protected":false},"excerpt":{"rendered":"<p>Una comerciante de 41 a\u00f1os denunci\u00f3 que, semanas atr\u00e1s, fue estafada al realizar compras por internet a trav\u00e9s de dos tiendas de ropa online.&nbsp; Ambas transacciones fueron abonadas a trav\u00e9s de la aplicaci\u00f3n Mercado Pago, aunque no recibi\u00f3 la mercader\u00eda pactada.&nbsp; Posteriormente, constat\u00f3 que una de las tiendas es inexistente y que la restante existe [&hellip;]<\/p>\n","protected":false},"author":4,"featured_media":95721,"comment_status":"closed","ping_status":"closed","sticky":false,"template":"","format":"standard","meta":{"om_disable_all_campaigns":false,"_jetpack_memberships_contains_paid_content":false,"footnotes":""},"categories":[2,103],"tags":[197,33,95,19],"class_list":["post-105437","post","type-post","status-publish","format-standard","has-post-thumbnail","hentry","category-locales","category-policiales-locales","tag-buenos-aires","tag-locales","tag-policiales","tag-san-pedro"],"aioseo_notices":[],"gutentor_comment":0,"jetpack_featured_media_url":"https:\/\/eldiariodesanpedro.com.ar\/sitio\/wp-content\/uploads\/2021\/07\/cada-vez-hay-mas-estafas-compras-internet.jpg","jetpack_shortlink":"https:\/\/wp.me\/p6RhLt-rqB","jetpack_sharing_enabled":true,"_links":{"self":[{"href":"https:\/\/eldiariodesanpedro.com.ar\/sitio\/wp-json\/wp\/v2\/posts\/105437","targetHints":{"allow":["GET"]}}],"collection":[{"href":"https:\/\/eldiariodesanpedro.com.ar\/sitio\/wp-json\/wp\/v2\/posts"}],"about":[{"href":"https:\/\/eldiariodesanpedro.com.ar\/sitio\/wp-json\/wp\/v2\/types\/post"}],"author":[{"embeddable":true,"href":"https:\/\/eldiariodesanpedro.com.ar\/sitio\/wp-json\/wp\/v2\/users\/4"}],"replies":[{"embeddable":true,"href":"https:\/\/eldiariodesanpedro.com.ar\/sitio\/wp-json\/wp\/v2\/comments?post=105437"}],"version-history":[{"count":2,"href":"https:\/\/eldiariodesanpedro.com.ar\/sitio\/wp-json\/wp\/v2\/posts\/105437\/revisions"}],"predecessor-version":[{"id":105439,"href":"https:\/\/eldiariodesanpedro.com.ar\/sitio\/wp-json\/wp\/v2\/posts\/105437\/revisions\/105439"}],"wp:featuredmedia":[{"embeddable":true,"href":"https:\/\/eldiariodesanpedro.com.ar\/sitio\/wp-json\/wp\/v2\/media\/95721"}],"wp:attachment":[{"href":"https:\/\/eldiariodesanpedro.com.ar\/sitio\/wp-json\/wp\/v2\/media?parent=105437"}],"wp:term":[{"taxonomy":"category","embeddable":true,"href":"https:\/\/eldiariodesanpedro.com.ar\/sitio\/wp-json\/wp\/v2\/categories?post=105437"},{"taxonomy":"post_tag","embeddable":true,"href":"https:\/\/eldiariodesanpedro.com.ar\/sitio\/wp-json\/wp\/v2\/tags?post=105437"}],"curies":[{"name":"wp","href":"https:\/\/api.w.org\/{rel}","templated":true}]}}