{"id":105433,"date":"2022-03-29T17:34:18","date_gmt":"2022-03-29T20:34:18","guid":{"rendered":"https:\/\/eldiariodesanpedro.com.ar\/sitio\/?p=105433"},"modified":"2022-03-29T19:59:52","modified_gmt":"2022-03-29T22:59:52","slug":"gracias-a-un-vecino-no-terminado-en-una-catastrofe%ef%bf%bc","status":"publish","type":"post","link":"https:\/\/eldiariodesanpedro.com.ar\/sitio\/gracias-a-un-vecino-no-terminado-en-una-catastrofe%ef%bf%bc\/","title":{"rendered":"Gracias a un vecino no terminado en una cat\u00e1strofe\ufffc"},"content":{"rendered":"<!-- VideographyWP Plugin Message: Automatic video embedding prevented by plugin options. -->\n\n<p>En la tarde de hoy una dotaci\u00f3n de Bomberos Voluntarios tuvo que tomar intervenci\u00f3n de un local de comidas para llevar ubicado en la esquina de 3 DE Febrero y Segundo Sombra.<\/p>\n\n\n\n<p>En el lugar funciona una parrilla que a su vez tambi\u00e9n funciona como rotiseria y esta tarde de martes minutos despu\u00e9s de las fuerte lluvias una vecina de la casa contigua detect\u00f3 un fuerte olor a gas que no proven\u00eda de su propio domicilio por lo que rapidamente dio aviso a los bomberos de nuestra ciudad que se hicieron presentes.<\/p>\n\n\n\n<p>En el lugar no se encontraba nadie por lo que tuvieron que saltar un tapial en un sector donde se encuentran 5 tubos de gas de 45 kg de los cuales se encontraban con p\u00e9rdidas, por lo que se los cerraron y el olor que se sent\u00eda a una cuadra comenz\u00f3 a mermar.<\/p>\n\n\n\n<p>Hector Keudell quien estaba a cargo de la dotaci\u00f3n explic\u00f3 que afortunadamente no pas\u00f3 a mayor por que no hubo una chispa que lo encendiera, pero el olor a gas era impresionante que invade no solo este dep\u00f3sito sino la casa lindera y el local por dentro.<\/p>\n\n\n\n<p>Por una negligencia por parte de los propietarios podr\u00eda haber un gran incendio que afecta toda la cuadra.<\/p>\n\n\n\n<p>En el lugar se hizo presente una patrulla policial y una dotaci\u00f3n de bomberos, los due\u00f1os nunca se presentaron.<\/p>\n\n\n\n<figure class=\"wp-block-image size-large\"><img decoding=\"async\" width=\"1024\" height=\"576\" data-attachment-id=\"105435\" data-permalink=\"https:\/\/eldiariodesanpedro.com.ar\/sitio\/gracias-a-un-vecino-no-terminado-en-una-catastrofe%ef%bf%bc\/whatsapp-image-2022-03-29-at-5-28-27-pm-1\/\" data-orig-file=\"https:\/\/eldiariodesanpedro.com.ar\/sitio\/wp-content\/uploads\/2022\/03\/WhatsApp-Image-2022-03-29-at-5.28.27-PM-1.jpeg\" data-orig-size=\"1120,630\" data-comments-opened=\"0\" data-image-meta=\"{&quot;aperture&quot;:&quot;0&quot;,&quot;credit&quot;:&quot;&quot;,&quot;camera&quot;:&quot;&quot;,&quot;caption&quot;:&quot;&quot;,&quot;created_timestamp&quot;:&quot;0&quot;,&quot;copyright&quot;:&quot;&quot;,&quot;focal_length&quot;:&quot;0&quot;,&quot;iso&quot;:&quot;0&quot;,&quot;shutter_speed&quot;:&quot;0&quot;,&quot;title&quot;:&quot;&quot;,&quot;orientation&quot;:&quot;0&quot;}\" data-image-title=\"WhatsApp Image 2022-03-29 at 5.28.27 PM (1)\" data-image-description=\"\" data-image-caption=\"\" data-large-file=\"https:\/\/eldiariodesanpedro.com.ar\/sitio\/wp-content\/uploads\/2022\/03\/WhatsApp-Image-2022-03-29-at-5.28.27-PM-1-1024x576.jpeg\" data-src=\"https:\/\/eldiariodesanpedro.com.ar\/sitio\/wp-content\/uploads\/2022\/03\/WhatsApp-Image-2022-03-29-at-5.28.27-PM-1-1024x576.jpeg\" alt=\"\" class=\"wp-image-105435 lazyload\" data-srcset=\"https:\/\/eldiariodesanpedro.com.ar\/sitio\/wp-content\/uploads\/2022\/03\/WhatsApp-Image-2022-03-29-at-5.28.27-PM-1-1024x576.jpeg 1024w, https:\/\/eldiariodesanpedro.com.ar\/sitio\/wp-content\/uploads\/2022\/03\/WhatsApp-Image-2022-03-29-at-5.28.27-PM-1-300x169.jpeg 300w, https:\/\/eldiariodesanpedro.com.ar\/sitio\/wp-content\/uploads\/2022\/03\/WhatsApp-Image-2022-03-29-at-5.28.27-PM-1-768x432.jpeg 768w, https:\/\/eldiariodesanpedro.com.ar\/sitio\/wp-content\/uploads\/2022\/03\/WhatsApp-Image-2022-03-29-at-5.28.27-PM-1.jpeg 1120w\" data-sizes=\"(max-width: 1024px) 100vw, 1024px\" src=\"data:image\/svg+xml;base64,PHN2ZyB3aWR0aD0iMSIgaGVpZ2h0PSIxIiB4bWxucz0iaHR0cDovL3d3dy53My5vcmcvMjAwMC9zdmciPjwvc3ZnPg==\" style=\"--smush-placeholder-width: 1024px; --smush-placeholder-aspect-ratio: 1024\/576;\" \/><\/figure>\n","protected":false},"excerpt":{"rendered":"<p>En la tarde de hoy una dotaci\u00f3n de Bomberos Voluntarios tuvo que tomar intervenci\u00f3n de un local de comidas para llevar ubicado en la esquina de 3 DE Febrero y Segundo Sombra. En el lugar funciona una parrilla que a su vez tambi\u00e9n funciona como rotiseria y esta tarde de martes minutos despu\u00e9s de las [&hellip;]<\/p>\n","protected":false},"author":4,"featured_media":105434,"comment_status":"closed","ping_status":"closed","sticky":false,"template":"","format":"standard","meta":{"om_disable_all_campaigns":false,"_jetpack_memberships_contains_paid_content":false,"footnotes":""},"categories":[50,2,103],"tags":[197,33,95,19],"class_list":["post-105433","post","type-post","status-publish","format-standard","has-post-thumbnail","hentry","category-destacadas","category-locales","category-policiales-locales","tag-buenos-aires","tag-locales","tag-policiales","tag-san-pedro"],"aioseo_notices":[],"gutentor_comment":0,"jetpack_featured_media_url":"https:\/\/eldiariodesanpedro.com.ar\/sitio\/wp-content\/uploads\/2022\/03\/WhatsApp-Image-2022-03-29-at-5.28.26-PM.jpeg","jetpack_shortlink":"https:\/\/wp.me\/p6RhLt-rqx","jetpack_sharing_enabled":true,"_links":{"self":[{"href":"https:\/\/eldiariodesanpedro.com.ar\/sitio\/wp-json\/wp\/v2\/posts\/105433","targetHints":{"allow":["GET"]}}],"collection":[{"href":"https:\/\/eldiariodesanpedro.com.ar\/sitio\/wp-json\/wp\/v2\/posts"}],"about":[{"href":"https:\/\/eldiariodesanpedro.com.ar\/sitio\/wp-json\/wp\/v2\/types\/post"}],"author":[{"embeddable":true,"href":"https:\/\/eldiariodesanpedro.com.ar\/sitio\/wp-json\/wp\/v2\/users\/4"}],"replies":[{"embeddable":true,"href":"https:\/\/eldiariodesanpedro.com.ar\/sitio\/wp-json\/wp\/v2\/comments?post=105433"}],"version-history":[{"count":2,"href":"https:\/\/eldiariodesanpedro.com.ar\/sitio\/wp-json\/wp\/v2\/posts\/105433\/revisions"}],"predecessor-version":[{"id":105456,"href":"https:\/\/eldiariodesanpedro.com.ar\/sitio\/wp-json\/wp\/v2\/posts\/105433\/revisions\/105456"}],"wp:featuredmedia":[{"embeddable":true,"href":"https:\/\/eldiariodesanpedro.com.ar\/sitio\/wp-json\/wp\/v2\/media\/105434"}],"wp:attachment":[{"href":"https:\/\/eldiariodesanpedro.com.ar\/sitio\/wp-json\/wp\/v2\/media?parent=105433"}],"wp:term":[{"taxonomy":"category","embeddable":true,"href":"https:\/\/eldiariodesanpedro.com.ar\/sitio\/wp-json\/wp\/v2\/categories?post=105433"},{"taxonomy":"post_tag","embeddable":true,"href":"https:\/\/eldiariodesanpedro.com.ar\/sitio\/wp-json\/wp\/v2\/tags?post=105433"}],"curies":[{"name":"wp","href":"https:\/\/api.w.org\/{rel}","templated":true}]}}