{"id":105424,"date":"2022-03-29T17:12:42","date_gmt":"2022-03-29T20:12:42","guid":{"rendered":"https:\/\/eldiariodesanpedro.com.ar\/sitio\/?p=105424"},"modified":"2022-03-29T17:12:45","modified_gmt":"2022-03-29T20:12:45","slug":"por-culpa-de-un-vecino-que-realizaba-una-quema-controlada-se-le-quemo-el-quincho-a-una-casa-quinta","status":"publish","type":"post","link":"https:\/\/eldiariodesanpedro.com.ar\/sitio\/por-culpa-de-un-vecino-que-realizaba-una-quema-controlada-se-le-quemo-el-quincho-a-una-casa-quinta\/","title":{"rendered":"Por culpa de un vecino que realizaba una quema controlada se le quemo el quincho a una casa quinta"},"content":{"rendered":"<!-- VideographyWP Plugin Message: Automatic video embedding prevented by plugin options. -->\n\n<p>Sucedi\u00f3 cerca del mediod\u00eda de \u00e9l martes en un establecimiento ubicado en la zona rural a la altura del kil\u00f3metro 8 de la ruta 191. El incendio se habr\u00eda originado por las chispas que volaron de una quema controlada en un campo vecino.<\/p>\n\n\n\n<p>Un incendio de importantes caracter\u00edsticas se desat\u00f3 sobre el mediod\u00eda del martes en un establecimiento rural.<\/p>\n\n\n\n<p>Un quincho ubicado en el interior de una quinta familiar pero que habitualmente se utiliza para distintos eventos tomo fuego y r\u00e1pidamente las llamas se generalizaron sobre toda la superficie provocando su destrucci\u00f3n total.<\/p>\n\n\n\n<p>El fuego se habr\u00eda originado por una chispa que habr\u00eda volado de una quema controlada que se estaba efectuando en un campo vecino.<\/p>\n\n\n\n<p>Lamentablemente a la llegada del cuerpo de bomberos voluntarios el siniestro ya se hab\u00eda apoderado de todo el lugar y m\u00e1s all\u00e1 de que el siniestro fue controlado r\u00e1pidamente la destrucci\u00f3n de la estructura compuesta por madera y paja fue total.<\/p>\n\n\n\n<p>Es de destacar que no hab\u00eda ning\u00fan otro elemento que se viera afectado por el fuego en el interior de la dependencia.<\/p>\n\n\n\n<p>Trascendi\u00f3 que los propietarios del campo En d\u00f3nde se efectuaba la quema controlada asumieron la responsabilidad de lo sucedido y repondr\u00e1n las p\u00e9rdidas a los due\u00f1os del lugar.<\/p>\n\n\n\n<figure class=\"wp-block-image size-large\"><img decoding=\"async\" width=\"1024\" height=\"484\" data-attachment-id=\"105427\" data-permalink=\"https:\/\/eldiariodesanpedro.com.ar\/sitio\/por-culpa-de-un-vecino-que-realizaba-una-quema-controlada-se-le-quemo-el-quincho-a-una-casa-quinta\/whatsapp-image-2022-03-29-at-3-10-29-pm\/\" data-orig-file=\"https:\/\/eldiariodesanpedro.com.ar\/sitio\/wp-content\/uploads\/2022\/03\/WhatsApp-Image-2022-03-29-at-3.10.29-PM.jpeg\" data-orig-size=\"1200,567\" data-comments-opened=\"0\" data-image-meta=\"{&quot;aperture&quot;:&quot;0&quot;,&quot;credit&quot;:&quot;&quot;,&quot;camera&quot;:&quot;&quot;,&quot;caption&quot;:&quot;&quot;,&quot;created_timestamp&quot;:&quot;0&quot;,&quot;copyright&quot;:&quot;&quot;,&quot;focal_length&quot;:&quot;0&quot;,&quot;iso&quot;:&quot;0&quot;,&quot;shutter_speed&quot;:&quot;0&quot;,&quot;title&quot;:&quot;&quot;,&quot;orientation&quot;:&quot;0&quot;}\" data-image-title=\"WhatsApp Image 2022-03-29 at 3.10.29 PM\" data-image-description=\"\" data-image-caption=\"\" data-large-file=\"https:\/\/eldiariodesanpedro.com.ar\/sitio\/wp-content\/uploads\/2022\/03\/WhatsApp-Image-2022-03-29-at-3.10.29-PM-1024x484.jpeg\" data-src=\"https:\/\/eldiariodesanpedro.com.ar\/sitio\/wp-content\/uploads\/2022\/03\/WhatsApp-Image-2022-03-29-at-3.10.29-PM-1024x484.jpeg\" alt=\"\" class=\"wp-image-105427 lazyload\" data-srcset=\"https:\/\/eldiariodesanpedro.com.ar\/sitio\/wp-content\/uploads\/2022\/03\/WhatsApp-Image-2022-03-29-at-3.10.29-PM-1024x484.jpeg 1024w, https:\/\/eldiariodesanpedro.com.ar\/sitio\/wp-content\/uploads\/2022\/03\/WhatsApp-Image-2022-03-29-at-3.10.29-PM-300x142.jpeg 300w, https:\/\/eldiariodesanpedro.com.ar\/sitio\/wp-content\/uploads\/2022\/03\/WhatsApp-Image-2022-03-29-at-3.10.29-PM-768x363.jpeg 768w, https:\/\/eldiariodesanpedro.com.ar\/sitio\/wp-content\/uploads\/2022\/03\/WhatsApp-Image-2022-03-29-at-3.10.29-PM.jpeg 1200w\" data-sizes=\"(max-width: 1024px) 100vw, 1024px\" src=\"data:image\/svg+xml;base64,PHN2ZyB3aWR0aD0iMSIgaGVpZ2h0PSIxIiB4bWxucz0iaHR0cDovL3d3dy53My5vcmcvMjAwMC9zdmciPjwvc3ZnPg==\" style=\"--smush-placeholder-width: 1024px; --smush-placeholder-aspect-ratio: 1024\/484;\" \/><\/figure>\n","protected":false},"excerpt":{"rendered":"<p>Sucedi\u00f3 cerca del mediod\u00eda de \u00e9l martes en un establecimiento ubicado en la zona rural a la altura del kil\u00f3metro 8 de la ruta 191. El incendio se habr\u00eda originado por las chispas que volaron de una quema controlada en un campo vecino. Un incendio de importantes caracter\u00edsticas se desat\u00f3 sobre el mediod\u00eda del martes [&hellip;]<\/p>\n","protected":false},"author":4,"featured_media":105425,"comment_status":"closed","ping_status":"closed","sticky":false,"template":"","format":"standard","meta":{"om_disable_all_campaigns":false,"_jetpack_memberships_contains_paid_content":false,"footnotes":""},"categories":[50,2,103],"tags":[197,696,33,19],"class_list":["post-105424","post","type-post","status-publish","format-standard","has-post-thumbnail","hentry","category-destacadas","category-locales","category-policiales-locales","tag-buenos-aires","tag-interes-general","tag-locales","tag-san-pedro"],"aioseo_notices":[],"gutentor_comment":0,"jetpack_featured_media_url":"https:\/\/eldiariodesanpedro.com.ar\/sitio\/wp-content\/uploads\/2022\/03\/WhatsApp-Image-2022-03-29-at-3.10.28-PM.jpeg","jetpack_shortlink":"https:\/\/wp.me\/p6RhLt-rqo","jetpack_sharing_enabled":true,"_links":{"self":[{"href":"https:\/\/eldiariodesanpedro.com.ar\/sitio\/wp-json\/wp\/v2\/posts\/105424","targetHints":{"allow":["GET"]}}],"collection":[{"href":"https:\/\/eldiariodesanpedro.com.ar\/sitio\/wp-json\/wp\/v2\/posts"}],"about":[{"href":"https:\/\/eldiariodesanpedro.com.ar\/sitio\/wp-json\/wp\/v2\/types\/post"}],"author":[{"embeddable":true,"href":"https:\/\/eldiariodesanpedro.com.ar\/sitio\/wp-json\/wp\/v2\/users\/4"}],"replies":[{"embeddable":true,"href":"https:\/\/eldiariodesanpedro.com.ar\/sitio\/wp-json\/wp\/v2\/comments?post=105424"}],"version-history":[{"count":1,"href":"https:\/\/eldiariodesanpedro.com.ar\/sitio\/wp-json\/wp\/v2\/posts\/105424\/revisions"}],"predecessor-version":[{"id":105432,"href":"https:\/\/eldiariodesanpedro.com.ar\/sitio\/wp-json\/wp\/v2\/posts\/105424\/revisions\/105432"}],"wp:featuredmedia":[{"embeddable":true,"href":"https:\/\/eldiariodesanpedro.com.ar\/sitio\/wp-json\/wp\/v2\/media\/105425"}],"wp:attachment":[{"href":"https:\/\/eldiariodesanpedro.com.ar\/sitio\/wp-json\/wp\/v2\/media?parent=105424"}],"wp:term":[{"taxonomy":"category","embeddable":true,"href":"https:\/\/eldiariodesanpedro.com.ar\/sitio\/wp-json\/wp\/v2\/categories?post=105424"},{"taxonomy":"post_tag","embeddable":true,"href":"https:\/\/eldiariodesanpedro.com.ar\/sitio\/wp-json\/wp\/v2\/tags?post=105424"}],"curies":[{"name":"wp","href":"https:\/\/api.w.org\/{rel}","templated":true}]}}